{"id":12375,"date":"2023-11-06T17:24:57","date_gmt":"2023-11-06T17:24:57","guid":{"rendered":"http:\/\/localhost\/site\/228news\/?p=12375"},"modified":"2023-11-06T17:24:57","modified_gmt":"2023-11-06T17:24:57","slug":"jubile-dor-du-sanctuaire-marial-de-togovillefaure-gnassingbe-honore-de-sa-presence","status":"publish","type":"post","link":"https:\/\/228news.tg\/index.php\/2023\/11\/06\/jubile-dor-du-sanctuaire-marial-de-togovillefaure-gnassingbe-honore-de-sa-presence\/","title":{"rendered":"Jubil\u00e9 d&rsquo;or du sanctuaire Marial de Togoville:Faure Gnassingb\u00e9 honore de sa pr\u00e9sence"},"content":{"rendered":"<p>Les fid\u00e8les de l&rsquo;\u00c9glise Catholique du dioc\u00e8se d&rsquo;Aneho dans les lacs ont eu une belle surprise hier. \u00c0 l&rsquo;occasion de la messe de cl\u00f4ture marquant les 50 ans de ce lieu saint, site du p\u00e8lerinage Marial,\u00a0 le chef de l&rsquo;\u00c9tat Faure Gnassingb\u00e9 a brill\u00e9 par sa pr\u00e9sence aux c\u00f4t\u00e9s des fid\u00e8les qui c\u00e9l\u00e9braient la messe pontificale cl\u00f4turant cette retraite spirituelle.<\/p>\n<p>\u00ab\u00a0Merci \u00e0 la communaut\u00e9 catholique et aux populations de Togoville pour l\u2019accueil chaleureux de ce jour \u00e0 mon arriv\u00e9e \u00e0 la messe pontificale du jubil\u00e9 des cinquante ans du sanctuaire marial Notre Dame du Lac Togo\u00a0\u00bb a-t-il post\u00e9 sur sa page Twitter.<\/p>\n<p>Au-del\u00e0 de cette pr\u00e9sence, c&rsquo;est une marque d&rsquo;affection envers ses fr\u00e8res d&rsquo;une m\u00eame formation religieuse, puisque le chef de l&rsquo;\u00c9tat par sa d\u00e9marche d\u00e9montre \u00e0 suffisance qu&rsquo;il proclame la foi catholique.<\/p>\n<p>228news.<\/p>\n","protected":false},"excerpt":{"rendered":"<p>Les fid\u00e8les de l&rsquo;\u00c9glise Catholique du dioc\u00e8se d&rsquo;Aneho dans les lacs ont eu une belle surprise hier. \u00c0 l&rsquo;occasion de la messe de cl\u00f4ture marquant les 50 ans de ce lieu saint, site du p\u00e8lerinage Marial,\u00a0 le chef de l&rsquo;\u00c9tat Faure Gnassingb\u00e9 a brill\u00e9 par sa pr\u00e9sence aux c\u00f4t\u00e9s des fid\u00e8les qui c\u00e9l\u00e9braient la messe &#8230; <a title=\"Jubil\u00e9 d&rsquo;or du sanctuaire Marial de Togoville:Faure Gnassingb\u00e9 honore de sa pr\u00e9sence\" class=\"read-more\" href=\"https:\/\/228news.tg\/index.php\/2023\/11\/06\/jubile-dor-du-sanctuaire-marial-de-togovillefaure-gnassingbe-honore-de-sa-presence\/\" aria-label=\"En savoir plus sur Jubil\u00e9 d&rsquo;or du sanctuaire Marial de Togoville:Faure Gnassingb\u00e9 honore de sa pr\u00e9sence\">Lire la suite<\/a><\/p>\n","protected":false},"author":2,"featured_media":12376,"comment_status":"open","ping_status":"open","sticky":false,"template":"","format":"chat","meta":{"footnotes":""},"categories":[29],"tags":[],"class_list":["post-12375","post","type-post","status-publish","format-chat","has-post-thumbnail","hentry","category-societe","post_format-post-format-chat"],"yoast_head":"<!-- This site is optimized with the Yoast SEO plugin v26.4 - https:\/\/yoast.com\/wordpress\/plugins\/seo\/ -->\n<title>Jubil\u00e9 d&#039;or du sanctuaire Marial de Togoville:Faure Gnassingb\u00e9 honore de sa pr\u00e9sence - 228 News<\/title>\n<meta name=\"robots\" content=\"index, follow, max-snippet:-1, max-image-preview:large, max-video-preview:-1\" \/>\n<link rel=\"canonical\" href=\"https:\/\/228news.tg\/index.php\/2023\/11\/06\/jubile-dor-du-sanctuaire-marial-de-togovillefaure-gnassingbe-honore-de-sa-presence\/\" \/>\n<meta property=\"og:locale\" content=\"fr_FR\" \/>\n<meta property=\"og:type\" content=\"article\" \/>\n<meta property=\"og:title\" content=\"Jubil\u00e9 d&#039;or du sanctuaire Marial de Togoville:Faure Gnassingb\u00e9 honore de sa pr\u00e9sence - 228 News\" \/>\n<meta property=\"og:description\" content=\"Les fid\u00e8les de l&rsquo;\u00c9glise Catholique du dioc\u00e8se d&rsquo;Aneho dans les lacs ont eu une belle surprise hier. \u00c0 l&rsquo;occasion de la messe de cl\u00f4ture marquant les 50 ans de ce lieu saint, site du p\u00e8lerinage Marial,\u00a0 le chef de l&rsquo;\u00c9tat Faure Gnassingb\u00e9 a brill\u00e9 par sa pr\u00e9sence aux c\u00f4t\u00e9s des fid\u00e8les qui c\u00e9l\u00e9braient la messe ... Lire la suite\" \/>\n<meta property=\"og:url\" content=\"https:\/\/228news.tg\/index.php\/2023\/11\/06\/jubile-dor-du-sanctuaire-marial-de-togovillefaure-gnassingbe-honore-de-sa-presence\/\" \/>\n<meta property=\"og:site_name\" content=\"228 News\" \/>\n<meta property=\"article:published_time\" content=\"2023-11-06T17:24:57+00:00\" \/>\n<meta property=\"og:image\" content=\"https:\/\/228news.tg\/wp-content\/uploads\/2023\/11\/F-MBEQKWsAA3V2p.jpeg-1.jpg\" \/>\n\t<meta property=\"og:image:width\" content=\"1600\" \/>\n\t<meta property=\"og:image:height\" content=\"1066\" \/>\n\t<meta property=\"og:image:type\" content=\"image\/jpeg\" \/>\n<meta name=\"author\" content=\"Bienvenu SAVI\" \/>\n<meta name=\"twitter:card\" content=\"summary_large_image\" \/>\n<meta name=\"twitter:label1\" content=\"\u00c9crit par\" \/>\n\t<meta name=\"twitter:data1\" content=\"Bienvenu SAVI\" \/>\n\t<meta name=\"twitter:label2\" content=\"Dur\u00e9e de lecture estim\u00e9e\" \/>\n\t<meta name=\"twitter:data2\" content=\"1 minute\" \/>\n<script type=\"application\/ld+json\" class=\"yoast-schema-graph\">{\"@context\":\"https:\/\/schema.org\",\"@graph\":[{\"@type\":\"Article\",\"@id\":\"https:\/\/228news.tg\/index.php\/2023\/11\/06\/jubile-dor-du-sanctuaire-marial-de-togovillefaure-gnassingbe-honore-de-sa-presence\/#article\",\"isPartOf\":{\"@id\":\"https:\/\/228news.tg\/index.php\/2023\/11\/06\/jubile-dor-du-sanctuaire-marial-de-togovillefaure-gnassingbe-honore-de-sa-presence\/\"},\"author\":{\"name\":\"Bienvenu SAVI\",\"@id\":\"https:\/\/228news.tg\/#\/schema\/person\/68d5a6cc0230290e61235c8379523f52\"},\"headline\":\"Jubil\u00e9 d&rsquo;or du sanctuaire Marial de Togoville:Faure Gnassingb\u00e9 honore de sa pr\u00e9sence\",\"datePublished\":\"2023-11-06T17:24:57+00:00\",\"mainEntityOfPage\":{\"@id\":\"https:\/\/228news.tg\/index.php\/2023\/11\/06\/jubile-dor-du-sanctuaire-marial-de-togovillefaure-gnassingbe-honore-de-sa-presence\/\"},\"wordCount\":170,\"commentCount\":0,\"publisher\":{\"@id\":\"https:\/\/228news.tg\/#organization\"},\"image\":{\"@id\":\"https:\/\/228news.tg\/index.php\/2023\/11\/06\/jubile-dor-du-sanctuaire-marial-de-togovillefaure-gnassingbe-honore-de-sa-presence\/#primaryimage\"},\"thumbnailUrl\":\"https:\/\/228news.tg\/wp-content\/uploads\/2023\/11\/F-MBEQKWsAA3V2p.jpeg-1.jpg\",\"articleSection\":[\"SOCIETE\"],\"inLanguage\":\"fr-FR\",\"potentialAction\":[{\"@type\":\"CommentAction\",\"name\":\"Comment\",\"target\":[\"https:\/\/228news.tg\/index.php\/2023\/11\/06\/jubile-dor-du-sanctuaire-marial-de-togovillefaure-gnassingbe-honore-de-sa-presence\/#respond\"]}]},{\"@type\":\"WebPage\",\"@id\":\"https:\/\/228news.tg\/index.php\/2023\/11\/06\/jubile-dor-du-sanctuaire-marial-de-togovillefaure-gnassingbe-honore-de-sa-presence\/\",\"url\":\"https:\/\/228news.tg\/index.php\/2023\/11\/06\/jubile-dor-du-sanctuaire-marial-de-togovillefaure-gnassingbe-honore-de-sa-presence\/\",\"name\":\"Jubil\u00e9 d'or du sanctuaire Marial de Togoville:Faure Gnassingb\u00e9 honore de sa pr\u00e9sence - 228 News\",\"isPartOf\":{\"@id\":\"https:\/\/228news.tg\/#website\"},\"primaryImageOfPage\":{\"@id\":\"https:\/\/228news.tg\/index.php\/2023\/11\/06\/jubile-dor-du-sanctuaire-marial-de-togovillefaure-gnassingbe-honore-de-sa-presence\/#primaryimage\"},\"image\":{\"@id\":\"https:\/\/228news.tg\/index.php\/2023\/11\/06\/jubile-dor-du-sanctuaire-marial-de-togovillefaure-gnassingbe-honore-de-sa-presence\/#primaryimage\"},\"thumbnailUrl\":\"https:\/\/228news.tg\/wp-content\/uploads\/2023\/11\/F-MBEQKWsAA3V2p.jpeg-1.jpg\",\"datePublished\":\"2023-11-06T17:24:57+00:00\",\"breadcrumb\":{\"@id\":\"https:\/\/228news.tg\/index.php\/2023\/11\/06\/jubile-dor-du-sanctuaire-marial-de-togovillefaure-gnassingbe-honore-de-sa-presence\/#breadcrumb\"},\"inLanguage\":\"fr-FR\",\"potentialAction\":[{\"@type\":\"ReadAction\",\"target\":[\"https:\/\/228news.tg\/index.php\/2023\/11\/06\/jubile-dor-du-sanctuaire-marial-de-togovillefaure-gnassingbe-honore-de-sa-presence\/\"]}]},{\"@type\":\"ImageObject\",\"inLanguage\":\"fr-FR\",\"@id\":\"https:\/\/228news.tg\/index.php\/2023\/11\/06\/jubile-dor-du-sanctuaire-marial-de-togovillefaure-gnassingbe-honore-de-sa-presence\/#primaryimage\",\"url\":\"https:\/\/228news.tg\/wp-content\/uploads\/2023\/11\/F-MBEQKWsAA3V2p.jpeg-1.jpg\",\"contentUrl\":\"https:\/\/228news.tg\/wp-content\/uploads\/2023\/11\/F-MBEQKWsAA3V2p.jpeg-1.jpg\",\"width\":1600,\"height\":1066},{\"@type\":\"BreadcrumbList\",\"@id\":\"https:\/\/228news.tg\/index.php\/2023\/11\/06\/jubile-dor-du-sanctuaire-marial-de-togovillefaure-gnassingbe-honore-de-sa-presence\/#breadcrumb\",\"itemListElement\":[{\"@type\":\"ListItem\",\"position\":1,\"name\":\"Home\",\"item\":\"https:\/\/228news.tg\/\"},{\"@type\":\"ListItem\",\"position\":2,\"name\":\"Jubil\u00e9 d&rsquo;or du sanctuaire Marial de Togoville:Faure Gnassingb\u00e9 honore de sa pr\u00e9sence\"}]},{\"@type\":\"WebSite\",\"@id\":\"https:\/\/228news.tg\/#website\",\"url\":\"https:\/\/228news.tg\/\",\"name\":\"228 News\",\"description\":\"Soci\u00e9t\u00e9 de m\u00e9dias et d\u2019actualit\u00e9s\",\"publisher\":{\"@id\":\"https:\/\/228news.tg\/#organization\"},\"potentialAction\":[{\"@type\":\"SearchAction\",\"target\":{\"@type\":\"EntryPoint\",\"urlTemplate\":\"https:\/\/228news.tg\/?s={search_term_string}\"},\"query-input\":{\"@type\":\"PropertyValueSpecification\",\"valueRequired\":true,\"valueName\":\"search_term_string\"}}],\"inLanguage\":\"fr-FR\"},{\"@type\":\"Organization\",\"@id\":\"https:\/\/228news.tg\/#organization\",\"name\":\"228 News\",\"url\":\"https:\/\/228news.tg\/\",\"logo\":{\"@type\":\"ImageObject\",\"inLanguage\":\"fr-FR\",\"@id\":\"https:\/\/228news.tg\/#\/schema\/logo\/image\/\",\"url\":\"https:\/\/228news.tg\/wp-content\/uploads\/2024\/09\/logonew.png\",\"contentUrl\":\"https:\/\/228news.tg\/wp-content\/uploads\/2024\/09\/logonew.png\",\"width\":1640,\"height\":364,\"caption\":\"228 News\"},\"image\":{\"@id\":\"https:\/\/228news.tg\/#\/schema\/logo\/image\/\"}},{\"@type\":\"Person\",\"@id\":\"https:\/\/228news.tg\/#\/schema\/person\/68d5a6cc0230290e61235c8379523f52\",\"name\":\"Bienvenu SAVI\",\"image\":{\"@type\":\"ImageObject\",\"inLanguage\":\"fr-FR\",\"@id\":\"https:\/\/228news.tg\/#\/schema\/person\/image\/\",\"url\":\"https:\/\/secure.gravatar.com\/avatar\/9db91895c559e510509c33a3e9683998458e9b828fac36d5d1aa23f0f2fd369b?s=96&d=mm&r=g\",\"contentUrl\":\"https:\/\/secure.gravatar.com\/avatar\/9db91895c559e510509c33a3e9683998458e9b828fac36d5d1aa23f0f2fd369b?s=96&d=mm&r=g\",\"caption\":\"Bienvenu SAVI\"},\"url\":\"https:\/\/228news.tg\/index.php\/author\/bienvenu\/\"}]}<\/script>\n<!-- \/ Yoast SEO plugin. -->","yoast_head_json":{"title":"Jubil\u00e9 d'or du sanctuaire Marial de Togoville:Faure Gnassingb\u00e9 honore de sa pr\u00e9sence - 228 News","robots":{"index":"index","follow":"follow","max-snippet":"max-snippet:-1","max-image-preview":"max-image-preview:large","max-video-preview":"max-video-preview:-1"},"canonical":"https:\/\/228news.tg\/index.php\/2023\/11\/06\/jubile-dor-du-sanctuaire-marial-de-togovillefaure-gnassingbe-honore-de-sa-presence\/","og_locale":"fr_FR","og_type":"article","og_title":"Jubil\u00e9 d'or du sanctuaire Marial de Togoville:Faure Gnassingb\u00e9 honore de sa pr\u00e9sence - 228 News","og_description":"Les fid\u00e8les de l&rsquo;\u00c9glise Catholique du dioc\u00e8se d&rsquo;Aneho dans les lacs ont eu une belle surprise hier. \u00c0 l&rsquo;occasion de la messe de cl\u00f4ture marquant les 50 ans de ce lieu saint, site du p\u00e8lerinage Marial,\u00a0 le chef de l&rsquo;\u00c9tat Faure Gnassingb\u00e9 a brill\u00e9 par sa pr\u00e9sence aux c\u00f4t\u00e9s des fid\u00e8les qui c\u00e9l\u00e9braient la messe ... Lire la suite","og_url":"https:\/\/228news.tg\/index.php\/2023\/11\/06\/jubile-dor-du-sanctuaire-marial-de-togovillefaure-gnassingbe-honore-de-sa-presence\/","og_site_name":"228 News","article_published_time":"2023-11-06T17:24:57+00:00","og_image":[{"width":1600,"height":1066,"url":"https:\/\/228news.tg\/wp-content\/uploads\/2023\/11\/F-MBEQKWsAA3V2p.jpeg-1.jpg","type":"image\/jpeg"}],"author":"Bienvenu SAVI","twitter_card":"summary_large_image","twitter_misc":{"\u00c9crit par":"Bienvenu SAVI","Dur\u00e9e de lecture estim\u00e9e":"1 minute"},"schema":{"@context":"https:\/\/schema.org","@graph":[{"@type":"Article","@id":"https:\/\/228news.tg\/index.php\/2023\/11\/06\/jubile-dor-du-sanctuaire-marial-de-togovillefaure-gnassingbe-honore-de-sa-presence\/#article","isPartOf":{"@id":"https:\/\/228news.tg\/index.php\/2023\/11\/06\/jubile-dor-du-sanctuaire-marial-de-togovillefaure-gnassingbe-honore-de-sa-presence\/"},"author":{"name":"Bienvenu SAVI","@id":"https:\/\/228news.tg\/#\/schema\/person\/68d5a6cc0230290e61235c8379523f52"},"headline":"Jubil\u00e9 d&rsquo;or du sanctuaire Marial de Togoville:Faure Gnassingb\u00e9 honore de sa pr\u00e9sence","datePublished":"2023-11-06T17:24:57+00:00","mainEntityOfPage":{"@id":"https:\/\/228news.tg\/index.php\/2023\/11\/06\/jubile-dor-du-sanctuaire-marial-de-togovillefaure-gnassingbe-honore-de-sa-presence\/"},"wordCount":170,"commentCount":0,"publisher":{"@id":"https:\/\/228news.tg\/#organization"},"image":{"@id":"https:\/\/228news.tg\/index.php\/2023\/11\/06\/jubile-dor-du-sanctuaire-marial-de-togovillefaure-gnassingbe-honore-de-sa-presence\/#primaryimage"},"thumbnailUrl":"https:\/\/228news.tg\/wp-content\/uploads\/2023\/11\/F-MBEQKWsAA3V2p.jpeg-1.jpg","articleSection":["SOCIETE"],"inLanguage":"fr-FR","potentialAction":[{"@type":"CommentAction","name":"Comment","target":["https:\/\/228news.tg\/index.php\/2023\/11\/06\/jubile-dor-du-sanctuaire-marial-de-togovillefaure-gnassingbe-honore-de-sa-presence\/#respond"]}]},{"@type":"WebPage","@id":"https:\/\/228news.tg\/index.php\/2023\/11\/06\/jubile-dor-du-sanctuaire-marial-de-togovillefaure-gnassingbe-honore-de-sa-presence\/","url":"https:\/\/228news.tg\/index.php\/2023\/11\/06\/jubile-dor-du-sanctuaire-marial-de-togovillefaure-gnassingbe-honore-de-sa-presence\/","name":"Jubil\u00e9 d'or du sanctuaire Marial de Togoville:Faure Gnassingb\u00e9 honore de sa pr\u00e9sence - 228 News","isPartOf":{"@id":"https:\/\/228news.tg\/#website"},"primaryImageOfPage":{"@id":"https:\/\/228news.tg\/index.php\/2023\/11\/06\/jubile-dor-du-sanctuaire-marial-de-togovillefaure-gnassingbe-honore-de-sa-presence\/#primaryimage"},"image":{"@id":"https:\/\/228news.tg\/index.php\/2023\/11\/06\/jubile-dor-du-sanctuaire-marial-de-togovillefaure-gnassingbe-honore-de-sa-presence\/#primaryimage"},"thumbnailUrl":"https:\/\/228news.tg\/wp-content\/uploads\/2023\/11\/F-MBEQKWsAA3V2p.jpeg-1.jpg","datePublished":"2023-11-06T17:24:57+00:00","breadcrumb":{"@id":"https:\/\/228news.tg\/index.php\/2023\/11\/06\/jubile-dor-du-sanctuaire-marial-de-togovillefaure-gnassingbe-honore-de-sa-presence\/#breadcrumb"},"inLanguage":"fr-FR","potentialAction":[{"@type":"ReadAction","target":["https:\/\/228news.tg\/index.php\/2023\/11\/06\/jubile-dor-du-sanctuaire-marial-de-togovillefaure-gnassingbe-honore-de-sa-presence\/"]}]},{"@type":"ImageObject","inLanguage":"fr-FR","@id":"https:\/\/228news.tg\/index.php\/2023\/11\/06\/jubile-dor-du-sanctuaire-marial-de-togovillefaure-gnassingbe-honore-de-sa-presence\/#primaryimage","url":"https:\/\/228news.tg\/wp-content\/uploads\/2023\/11\/F-MBEQKWsAA3V2p.jpeg-1.jpg","contentUrl":"https:\/\/228news.tg\/wp-content\/uploads\/2023\/11\/F-MBEQKWsAA3V2p.jpeg-1.jpg","width":1600,"height":1066},{"@type":"BreadcrumbList","@id":"https:\/\/228news.tg\/index.php\/2023\/11\/06\/jubile-dor-du-sanctuaire-marial-de-togovillefaure-gnassingbe-honore-de-sa-presence\/#breadcrumb","itemListElement":[{"@type":"ListItem","position":1,"name":"Home","item":"https:\/\/228news.tg\/"},{"@type":"ListItem","position":2,"name":"Jubil\u00e9 d&rsquo;or du sanctuaire Marial de Togoville:Faure Gnassingb\u00e9 honore de sa pr\u00e9sence"}]},{"@type":"WebSite","@id":"https:\/\/228news.tg\/#website","url":"https:\/\/228news.tg\/","name":"228 News","description":"Soci\u00e9t\u00e9 de m\u00e9dias et d\u2019actualit\u00e9s","publisher":{"@id":"https:\/\/228news.tg\/#organization"},"potentialAction":[{"@type":"SearchAction","target":{"@type":"EntryPoint","urlTemplate":"https:\/\/228news.tg\/?s={search_term_string}"},"query-input":{"@type":"PropertyValueSpecification","valueRequired":true,"valueName":"search_term_string"}}],"inLanguage":"fr-FR"},{"@type":"Organization","@id":"https:\/\/228news.tg\/#organization","name":"228 News","url":"https:\/\/228news.tg\/","logo":{"@type":"ImageObject","inLanguage":"fr-FR","@id":"https:\/\/228news.tg\/#\/schema\/logo\/image\/","url":"https:\/\/228news.tg\/wp-content\/uploads\/2024\/09\/logonew.png","contentUrl":"https:\/\/228news.tg\/wp-content\/uploads\/2024\/09\/logonew.png","width":1640,"height":364,"caption":"228 News"},"image":{"@id":"https:\/\/228news.tg\/#\/schema\/logo\/image\/"}},{"@type":"Person","@id":"https:\/\/228news.tg\/#\/schema\/person\/68d5a6cc0230290e61235c8379523f52","name":"Bienvenu SAVI","image":{"@type":"ImageObject","inLanguage":"fr-FR","@id":"https:\/\/228news.tg\/#\/schema\/person\/image\/","url":"https:\/\/secure.gravatar.com\/avatar\/9db91895c559e510509c33a3e9683998458e9b828fac36d5d1aa23f0f2fd369b?s=96&d=mm&r=g","contentUrl":"https:\/\/secure.gravatar.com\/avatar\/9db91895c559e510509c33a3e9683998458e9b828fac36d5d1aa23f0f2fd369b?s=96&d=mm&r=g","caption":"Bienvenu SAVI"},"url":"https:\/\/228news.tg\/index.php\/author\/bienvenu\/"}]}},"jetpack_featured_media_url":"https:\/\/228news.tg\/wp-content\/uploads\/2023\/11\/F-MBEQKWsAA3V2p.jpeg-1.jpg","_links":{"self":[{"href":"https:\/\/228news.tg\/index.php\/wp-json\/wp\/v2\/posts\/12375","targetHints":{"allow":["GET"]}}],"collection":[{"href":"https:\/\/228news.tg\/index.php\/wp-json\/wp\/v2\/posts"}],"about":[{"href":"https:\/\/228news.tg\/index.php\/wp-json\/wp\/v2\/types\/post"}],"author":[{"embeddable":true,"href":"https:\/\/228news.tg\/index.php\/wp-json\/wp\/v2\/users\/2"}],"replies":[{"embeddable":true,"href":"https:\/\/228news.tg\/index.php\/wp-json\/wp\/v2\/comments?post=12375"}],"version-history":[{"count":0,"href":"https:\/\/228news.tg\/index.php\/wp-json\/wp\/v2\/posts\/12375\/revisions"}],"wp:featuredmedia":[{"embeddable":true,"href":"https:\/\/228news.tg\/index.php\/wp-json\/wp\/v2\/media\/12376"}],"wp:attachment":[{"href":"https:\/\/228news.tg\/index.php\/wp-json\/wp\/v2\/media?parent=12375"}],"wp:term":[{"taxonomy":"category","embeddable":true,"href":"https:\/\/228news.tg\/index.php\/wp-json\/wp\/v2\/categories?post=12375"},{"taxonomy":"post_tag","embeddable":true,"href":"https:\/\/228news.tg\/index.php\/wp-json\/wp\/v2\/tags?post=12375"}],"curies":[{"name":"wp","href":"https:\/\/api.w.org\/{rel}","templated":true}]}}