{"id":12315,"date":"2023-10-18T04:37:38","date_gmt":"2023-10-18T04:37:38","guid":{"rendered":"http:\/\/localhost\/site\/228news\/?p=12315"},"modified":"2023-10-18T04:37:38","modified_gmt":"2023-10-18T04:37:38","slug":"lycee-de-segbe-inauguration-dun-batiment-scolaire-kokoroko-ravale-son-crachats","status":"publish","type":"post","link":"https:\/\/228news.tg\/index.php\/2023\/10\/18\/lycee-de-segbe-inauguration-dun-batiment-scolaire-kokoroko-ravale-son-crachats\/","title":{"rendered":"Lyc\u00e9e de Segbe\/Inauguration d&rsquo;un b\u00e2timent scolaire: Kokoroko ravale son crachat?"},"content":{"rendered":"<p>Dans une note de service de juin dernier le tonitruant ministre de l&rsquo;enseignement primaire et secondaire donnait le ton d&rsquo;un retour aux fondamentaux dans la construction des b\u00e2timents scolaires.<\/p>\n<p class=\"textearticle\">Dans le d\u00e9tail, les murs seront en chaux vive teint\u00e9e d\u2019ocre jaune, tandis que les claustras seront en chaux vive l\u00e9g\u00e8rement piqu\u00e9e d\u2019ocre noir.<\/p>\n<p class=\"textearticle\">Quant aux soubassements, saillies de poteaux, cha\u00eenages et consoles, ils passeront dor\u00e9navant en chaux vive teint\u00e9e d\u2019ocre rouge. Enfin, les portes, fen\u00eatres, murs all\u00e8ges sous claustras et sous tableaux \u00e0 l\u2019int\u00e9rieur des salles de classes, sur les murs sous claustras \u00e0 l\u2019ext\u00e9rieur des salles de classes sur la fa\u00e7ade principale, et sous all\u00e8ge dans le bureau et magasin, devront \u00eatre en peinture marron N\u00b0 1680.<\/p>\n<p>Aussi paradoxalement que cela puisse para\u00eetre, ce m\u00eame ministre est aper\u00e7u cette semaine \u00e0 l&rsquo;inauguration d&rsquo;un b\u00e2timent scolaire \u00e0 Segbe peint par la couleur universelle du parti unir dont Kokoroko d\u00e9fend farouchement les int\u00e9r\u00eats.<\/p>\n<p>Au regard de ce revirement spectaculaire et connaissant les habitudes qui ont la peau dure dans la cit\u00e9 bleue, l&rsquo;on se demande ce qui n&rsquo;a pas march\u00e9.<\/p>\n<p><img fetchpriority=\"high\" decoding=\"async\" class=\"alignnone size-medium wp-image-12316\" src=\"http:\/\/localhost\/site\/228news\/wp-content\/uploads\/2023\/10\/FB_IMG_1697602755149-300x200.jpg\" alt=\"\" width=\"300\" height=\"200\" \/><\/p>\n<p>Son portefeuille est-il menac\u00e9, puisque d&rsquo;aucuns pensent que son z\u00e8le et son allure passent mal dans les couloirs du parti et certains caciques ne jurent que pour sa chute.<\/p>\n<p>Les derniers \u00e9v\u00e9nements \u00e0 la t\u00eate de l&rsquo;Universit\u00e9 de Lom\u00e9 et la nomination d&rsquo;un nouveau pr\u00e9sident en disent long.<\/p>\n<p>228news.<\/p>\n","protected":false},"excerpt":{"rendered":"<p>Dans une note de service de juin dernier le tonitruant ministre de l&rsquo;enseignement primaire et secondaire donnait le ton d&rsquo;un retour aux fondamentaux dans la construction des b\u00e2timents scolaires. Dans le d\u00e9tail, les murs seront en chaux vive teint\u00e9e d\u2019ocre jaune, tandis que les claustras seront en chaux vive l\u00e9g\u00e8rement piqu\u00e9e d\u2019ocre noir. Quant aux &#8230; <a title=\"Lyc\u00e9e de Segbe\/Inauguration d&rsquo;un b\u00e2timent scolaire: Kokoroko ravale son crachat?\" class=\"read-more\" href=\"https:\/\/228news.tg\/index.php\/2023\/10\/18\/lycee-de-segbe-inauguration-dun-batiment-scolaire-kokoroko-ravale-son-crachats\/\" aria-label=\"En savoir plus sur Lyc\u00e9e de Segbe\/Inauguration d&rsquo;un b\u00e2timent scolaire: Kokoroko ravale son crachat?\">Lire la suite<\/a><\/p>\n","protected":false},"author":2,"featured_media":12317,"comment_status":"open","ping_status":"open","sticky":false,"template":"","format":"chat","meta":{"footnotes":""},"categories":[29,25],"tags":[],"class_list":["post-12315","post","type-post","status-publish","format-chat","has-post-thumbnail","hentry","category-societe","category-togo","post_format-post-format-chat"],"yoast_head":"<!-- This site is optimized with the Yoast SEO plugin v26.4 - https:\/\/yoast.com\/wordpress\/plugins\/seo\/ -->\n<title>Lyc\u00e9e de Segbe\/Inauguration d&#039;un b\u00e2timent scolaire: Kokoroko ravale son crachat? - 228 News<\/title>\n<meta name=\"robots\" content=\"index, follow, max-snippet:-1, max-image-preview:large, max-video-preview:-1\" \/>\n<link rel=\"canonical\" href=\"https:\/\/228news.tg\/index.php\/2023\/10\/18\/lycee-de-segbe-inauguration-dun-batiment-scolaire-kokoroko-ravale-son-crachats\/\" \/>\n<meta property=\"og:locale\" content=\"fr_FR\" \/>\n<meta property=\"og:type\" content=\"article\" \/>\n<meta property=\"og:title\" content=\"Lyc\u00e9e de Segbe\/Inauguration d&#039;un b\u00e2timent scolaire: Kokoroko ravale son crachat? - 228 News\" \/>\n<meta property=\"og:description\" content=\"Dans une note de service de juin dernier le tonitruant ministre de l&rsquo;enseignement primaire et secondaire donnait le ton d&rsquo;un retour aux fondamentaux dans la construction des b\u00e2timents scolaires. Dans le d\u00e9tail, les murs seront en chaux vive teint\u00e9e d\u2019ocre jaune, tandis que les claustras seront en chaux vive l\u00e9g\u00e8rement piqu\u00e9e d\u2019ocre noir. Quant aux ... Lire la suite\" \/>\n<meta property=\"og:url\" content=\"https:\/\/228news.tg\/index.php\/2023\/10\/18\/lycee-de-segbe-inauguration-dun-batiment-scolaire-kokoroko-ravale-son-crachats\/\" \/>\n<meta property=\"og:site_name\" content=\"228 News\" \/>\n<meta property=\"article:published_time\" content=\"2023-10-18T04:37:38+00:00\" \/>\n<meta property=\"og:image\" content=\"https:\/\/228news.tg\/wp-content\/uploads\/2023\/10\/FB_IMG_1697602761140-1.jpg\" \/>\n\t<meta property=\"og:image:width\" content=\"1060\" \/>\n\t<meta property=\"og:image:height\" content=\"609\" \/>\n\t<meta property=\"og:image:type\" content=\"image\/jpeg\" \/>\n<meta name=\"author\" content=\"Bienvenu SAVI\" \/>\n<meta name=\"twitter:card\" content=\"summary_large_image\" \/>\n<meta name=\"twitter:label1\" content=\"\u00c9crit par\" \/>\n\t<meta name=\"twitter:data1\" content=\"Bienvenu SAVI\" \/>\n\t<meta name=\"twitter:label2\" content=\"Dur\u00e9e de lecture estim\u00e9e\" \/>\n\t<meta name=\"twitter:data2\" content=\"2 minutes\" \/>\n<script type=\"application\/ld+json\" class=\"yoast-schema-graph\">{\"@context\":\"https:\/\/schema.org\",\"@graph\":[{\"@type\":\"Article\",\"@id\":\"https:\/\/228news.tg\/index.php\/2023\/10\/18\/lycee-de-segbe-inauguration-dun-batiment-scolaire-kokoroko-ravale-son-crachats\/#article\",\"isPartOf\":{\"@id\":\"https:\/\/228news.tg\/index.php\/2023\/10\/18\/lycee-de-segbe-inauguration-dun-batiment-scolaire-kokoroko-ravale-son-crachats\/\"},\"author\":{\"name\":\"Bienvenu SAVI\",\"@id\":\"https:\/\/228news.tg\/#\/schema\/person\/68d5a6cc0230290e61235c8379523f52\"},\"headline\":\"Lyc\u00e9e de Segbe\/Inauguration d&rsquo;un b\u00e2timent scolaire: Kokoroko ravale son crachat?\",\"datePublished\":\"2023-10-18T04:37:38+00:00\",\"mainEntityOfPage\":{\"@id\":\"https:\/\/228news.tg\/index.php\/2023\/10\/18\/lycee-de-segbe-inauguration-dun-batiment-scolaire-kokoroko-ravale-son-crachats\/\"},\"wordCount\":276,\"commentCount\":0,\"publisher\":{\"@id\":\"https:\/\/228news.tg\/#organization\"},\"image\":{\"@id\":\"https:\/\/228news.tg\/index.php\/2023\/10\/18\/lycee-de-segbe-inauguration-dun-batiment-scolaire-kokoroko-ravale-son-crachats\/#primaryimage\"},\"thumbnailUrl\":\"https:\/\/228news.tg\/wp-content\/uploads\/2023\/10\/FB_IMG_1697602761140-1.jpg\",\"articleSection\":[\"SOCIETE\",\"TOGO\"],\"inLanguage\":\"fr-FR\",\"potentialAction\":[{\"@type\":\"CommentAction\",\"name\":\"Comment\",\"target\":[\"https:\/\/228news.tg\/index.php\/2023\/10\/18\/lycee-de-segbe-inauguration-dun-batiment-scolaire-kokoroko-ravale-son-crachats\/#respond\"]}]},{\"@type\":\"WebPage\",\"@id\":\"https:\/\/228news.tg\/index.php\/2023\/10\/18\/lycee-de-segbe-inauguration-dun-batiment-scolaire-kokoroko-ravale-son-crachats\/\",\"url\":\"https:\/\/228news.tg\/index.php\/2023\/10\/18\/lycee-de-segbe-inauguration-dun-batiment-scolaire-kokoroko-ravale-son-crachats\/\",\"name\":\"Lyc\u00e9e de Segbe\/Inauguration d'un b\u00e2timent scolaire: Kokoroko ravale son crachat? - 228 News\",\"isPartOf\":{\"@id\":\"https:\/\/228news.tg\/#website\"},\"primaryImageOfPage\":{\"@id\":\"https:\/\/228news.tg\/index.php\/2023\/10\/18\/lycee-de-segbe-inauguration-dun-batiment-scolaire-kokoroko-ravale-son-crachats\/#primaryimage\"},\"image\":{\"@id\":\"https:\/\/228news.tg\/index.php\/2023\/10\/18\/lycee-de-segbe-inauguration-dun-batiment-scolaire-kokoroko-ravale-son-crachats\/#primaryimage\"},\"thumbnailUrl\":\"https:\/\/228news.tg\/wp-content\/uploads\/2023\/10\/FB_IMG_1697602761140-1.jpg\",\"datePublished\":\"2023-10-18T04:37:38+00:00\",\"breadcrumb\":{\"@id\":\"https:\/\/228news.tg\/index.php\/2023\/10\/18\/lycee-de-segbe-inauguration-dun-batiment-scolaire-kokoroko-ravale-son-crachats\/#breadcrumb\"},\"inLanguage\":\"fr-FR\",\"potentialAction\":[{\"@type\":\"ReadAction\",\"target\":[\"https:\/\/228news.tg\/index.php\/2023\/10\/18\/lycee-de-segbe-inauguration-dun-batiment-scolaire-kokoroko-ravale-son-crachats\/\"]}]},{\"@type\":\"ImageObject\",\"inLanguage\":\"fr-FR\",\"@id\":\"https:\/\/228news.tg\/index.php\/2023\/10\/18\/lycee-de-segbe-inauguration-dun-batiment-scolaire-kokoroko-ravale-son-crachats\/#primaryimage\",\"url\":\"https:\/\/228news.tg\/wp-content\/uploads\/2023\/10\/FB_IMG_1697602761140-1.jpg\",\"contentUrl\":\"https:\/\/228news.tg\/wp-content\/uploads\/2023\/10\/FB_IMG_1697602761140-1.jpg\",\"width\":1060,\"height\":609},{\"@type\":\"BreadcrumbList\",\"@id\":\"https:\/\/228news.tg\/index.php\/2023\/10\/18\/lycee-de-segbe-inauguration-dun-batiment-scolaire-kokoroko-ravale-son-crachats\/#breadcrumb\",\"itemListElement\":[{\"@type\":\"ListItem\",\"position\":1,\"name\":\"Home\",\"item\":\"https:\/\/228news.tg\/\"},{\"@type\":\"ListItem\",\"position\":2,\"name\":\"Lyc\u00e9e de Segbe\/Inauguration d&rsquo;un b\u00e2timent scolaire: Kokoroko ravale son crachat?\"}]},{\"@type\":\"WebSite\",\"@id\":\"https:\/\/228news.tg\/#website\",\"url\":\"https:\/\/228news.tg\/\",\"name\":\"228 News\",\"description\":\"Soci\u00e9t\u00e9 de m\u00e9dias et d\u2019actualit\u00e9s\",\"publisher\":{\"@id\":\"https:\/\/228news.tg\/#organization\"},\"potentialAction\":[{\"@type\":\"SearchAction\",\"target\":{\"@type\":\"EntryPoint\",\"urlTemplate\":\"https:\/\/228news.tg\/?s={search_term_string}\"},\"query-input\":{\"@type\":\"PropertyValueSpecification\",\"valueRequired\":true,\"valueName\":\"search_term_string\"}}],\"inLanguage\":\"fr-FR\"},{\"@type\":\"Organization\",\"@id\":\"https:\/\/228news.tg\/#organization\",\"name\":\"228 News\",\"url\":\"https:\/\/228news.tg\/\",\"logo\":{\"@type\":\"ImageObject\",\"inLanguage\":\"fr-FR\",\"@id\":\"https:\/\/228news.tg\/#\/schema\/logo\/image\/\",\"url\":\"https:\/\/228news.tg\/wp-content\/uploads\/2024\/09\/logonew.png\",\"contentUrl\":\"https:\/\/228news.tg\/wp-content\/uploads\/2024\/09\/logonew.png\",\"width\":1640,\"height\":364,\"caption\":\"228 News\"},\"image\":{\"@id\":\"https:\/\/228news.tg\/#\/schema\/logo\/image\/\"}},{\"@type\":\"Person\",\"@id\":\"https:\/\/228news.tg\/#\/schema\/person\/68d5a6cc0230290e61235c8379523f52\",\"name\":\"Bienvenu SAVI\",\"image\":{\"@type\":\"ImageObject\",\"inLanguage\":\"fr-FR\",\"@id\":\"https:\/\/228news.tg\/#\/schema\/person\/image\/\",\"url\":\"https:\/\/secure.gravatar.com\/avatar\/9db91895c559e510509c33a3e9683998458e9b828fac36d5d1aa23f0f2fd369b?s=96&d=mm&r=g\",\"contentUrl\":\"https:\/\/secure.gravatar.com\/avatar\/9db91895c559e510509c33a3e9683998458e9b828fac36d5d1aa23f0f2fd369b?s=96&d=mm&r=g\",\"caption\":\"Bienvenu SAVI\"},\"url\":\"https:\/\/228news.tg\/index.php\/author\/bienvenu\/\"}]}<\/script>\n<!-- \/ Yoast SEO plugin. -->","yoast_head_json":{"title":"Lyc\u00e9e de Segbe\/Inauguration d'un b\u00e2timent scolaire: Kokoroko ravale son crachat? - 228 News","robots":{"index":"index","follow":"follow","max-snippet":"max-snippet:-1","max-image-preview":"max-image-preview:large","max-video-preview":"max-video-preview:-1"},"canonical":"https:\/\/228news.tg\/index.php\/2023\/10\/18\/lycee-de-segbe-inauguration-dun-batiment-scolaire-kokoroko-ravale-son-crachats\/","og_locale":"fr_FR","og_type":"article","og_title":"Lyc\u00e9e de Segbe\/Inauguration d'un b\u00e2timent scolaire: Kokoroko ravale son crachat? - 228 News","og_description":"Dans une note de service de juin dernier le tonitruant ministre de l&rsquo;enseignement primaire et secondaire donnait le ton d&rsquo;un retour aux fondamentaux dans la construction des b\u00e2timents scolaires. Dans le d\u00e9tail, les murs seront en chaux vive teint\u00e9e d\u2019ocre jaune, tandis que les claustras seront en chaux vive l\u00e9g\u00e8rement piqu\u00e9e d\u2019ocre noir. Quant aux ... Lire la suite","og_url":"https:\/\/228news.tg\/index.php\/2023\/10\/18\/lycee-de-segbe-inauguration-dun-batiment-scolaire-kokoroko-ravale-son-crachats\/","og_site_name":"228 News","article_published_time":"2023-10-18T04:37:38+00:00","og_image":[{"width":1060,"height":609,"url":"https:\/\/228news.tg\/wp-content\/uploads\/2023\/10\/FB_IMG_1697602761140-1.jpg","type":"image\/jpeg"}],"author":"Bienvenu SAVI","twitter_card":"summary_large_image","twitter_misc":{"\u00c9crit par":"Bienvenu SAVI","Dur\u00e9e de lecture estim\u00e9e":"2 minutes"},"schema":{"@context":"https:\/\/schema.org","@graph":[{"@type":"Article","@id":"https:\/\/228news.tg\/index.php\/2023\/10\/18\/lycee-de-segbe-inauguration-dun-batiment-scolaire-kokoroko-ravale-son-crachats\/#article","isPartOf":{"@id":"https:\/\/228news.tg\/index.php\/2023\/10\/18\/lycee-de-segbe-inauguration-dun-batiment-scolaire-kokoroko-ravale-son-crachats\/"},"author":{"name":"Bienvenu SAVI","@id":"https:\/\/228news.tg\/#\/schema\/person\/68d5a6cc0230290e61235c8379523f52"},"headline":"Lyc\u00e9e de Segbe\/Inauguration d&rsquo;un b\u00e2timent scolaire: Kokoroko ravale son crachat?","datePublished":"2023-10-18T04:37:38+00:00","mainEntityOfPage":{"@id":"https:\/\/228news.tg\/index.php\/2023\/10\/18\/lycee-de-segbe-inauguration-dun-batiment-scolaire-kokoroko-ravale-son-crachats\/"},"wordCount":276,"commentCount":0,"publisher":{"@id":"https:\/\/228news.tg\/#organization"},"image":{"@id":"https:\/\/228news.tg\/index.php\/2023\/10\/18\/lycee-de-segbe-inauguration-dun-batiment-scolaire-kokoroko-ravale-son-crachats\/#primaryimage"},"thumbnailUrl":"https:\/\/228news.tg\/wp-content\/uploads\/2023\/10\/FB_IMG_1697602761140-1.jpg","articleSection":["SOCIETE","TOGO"],"inLanguage":"fr-FR","potentialAction":[{"@type":"CommentAction","name":"Comment","target":["https:\/\/228news.tg\/index.php\/2023\/10\/18\/lycee-de-segbe-inauguration-dun-batiment-scolaire-kokoroko-ravale-son-crachats\/#respond"]}]},{"@type":"WebPage","@id":"https:\/\/228news.tg\/index.php\/2023\/10\/18\/lycee-de-segbe-inauguration-dun-batiment-scolaire-kokoroko-ravale-son-crachats\/","url":"https:\/\/228news.tg\/index.php\/2023\/10\/18\/lycee-de-segbe-inauguration-dun-batiment-scolaire-kokoroko-ravale-son-crachats\/","name":"Lyc\u00e9e de Segbe\/Inauguration d'un b\u00e2timent scolaire: Kokoroko ravale son crachat? - 228 News","isPartOf":{"@id":"https:\/\/228news.tg\/#website"},"primaryImageOfPage":{"@id":"https:\/\/228news.tg\/index.php\/2023\/10\/18\/lycee-de-segbe-inauguration-dun-batiment-scolaire-kokoroko-ravale-son-crachats\/#primaryimage"},"image":{"@id":"https:\/\/228news.tg\/index.php\/2023\/10\/18\/lycee-de-segbe-inauguration-dun-batiment-scolaire-kokoroko-ravale-son-crachats\/#primaryimage"},"thumbnailUrl":"https:\/\/228news.tg\/wp-content\/uploads\/2023\/10\/FB_IMG_1697602761140-1.jpg","datePublished":"2023-10-18T04:37:38+00:00","breadcrumb":{"@id":"https:\/\/228news.tg\/index.php\/2023\/10\/18\/lycee-de-segbe-inauguration-dun-batiment-scolaire-kokoroko-ravale-son-crachats\/#breadcrumb"},"inLanguage":"fr-FR","potentialAction":[{"@type":"ReadAction","target":["https:\/\/228news.tg\/index.php\/2023\/10\/18\/lycee-de-segbe-inauguration-dun-batiment-scolaire-kokoroko-ravale-son-crachats\/"]}]},{"@type":"ImageObject","inLanguage":"fr-FR","@id":"https:\/\/228news.tg\/index.php\/2023\/10\/18\/lycee-de-segbe-inauguration-dun-batiment-scolaire-kokoroko-ravale-son-crachats\/#primaryimage","url":"https:\/\/228news.tg\/wp-content\/uploads\/2023\/10\/FB_IMG_1697602761140-1.jpg","contentUrl":"https:\/\/228news.tg\/wp-content\/uploads\/2023\/10\/FB_IMG_1697602761140-1.jpg","width":1060,"height":609},{"@type":"BreadcrumbList","@id":"https:\/\/228news.tg\/index.php\/2023\/10\/18\/lycee-de-segbe-inauguration-dun-batiment-scolaire-kokoroko-ravale-son-crachats\/#breadcrumb","itemListElement":[{"@type":"ListItem","position":1,"name":"Home","item":"https:\/\/228news.tg\/"},{"@type":"ListItem","position":2,"name":"Lyc\u00e9e de Segbe\/Inauguration d&rsquo;un b\u00e2timent scolaire: Kokoroko ravale son crachat?"}]},{"@type":"WebSite","@id":"https:\/\/228news.tg\/#website","url":"https:\/\/228news.tg\/","name":"228 News","description":"Soci\u00e9t\u00e9 de m\u00e9dias et d\u2019actualit\u00e9s","publisher":{"@id":"https:\/\/228news.tg\/#organization"},"potentialAction":[{"@type":"SearchAction","target":{"@type":"EntryPoint","urlTemplate":"https:\/\/228news.tg\/?s={search_term_string}"},"query-input":{"@type":"PropertyValueSpecification","valueRequired":true,"valueName":"search_term_string"}}],"inLanguage":"fr-FR"},{"@type":"Organization","@id":"https:\/\/228news.tg\/#organization","name":"228 News","url":"https:\/\/228news.tg\/","logo":{"@type":"ImageObject","inLanguage":"fr-FR","@id":"https:\/\/228news.tg\/#\/schema\/logo\/image\/","url":"https:\/\/228news.tg\/wp-content\/uploads\/2024\/09\/logonew.png","contentUrl":"https:\/\/228news.tg\/wp-content\/uploads\/2024\/09\/logonew.png","width":1640,"height":364,"caption":"228 News"},"image":{"@id":"https:\/\/228news.tg\/#\/schema\/logo\/image\/"}},{"@type":"Person","@id":"https:\/\/228news.tg\/#\/schema\/person\/68d5a6cc0230290e61235c8379523f52","name":"Bienvenu SAVI","image":{"@type":"ImageObject","inLanguage":"fr-FR","@id":"https:\/\/228news.tg\/#\/schema\/person\/image\/","url":"https:\/\/secure.gravatar.com\/avatar\/9db91895c559e510509c33a3e9683998458e9b828fac36d5d1aa23f0f2fd369b?s=96&d=mm&r=g","contentUrl":"https:\/\/secure.gravatar.com\/avatar\/9db91895c559e510509c33a3e9683998458e9b828fac36d5d1aa23f0f2fd369b?s=96&d=mm&r=g","caption":"Bienvenu SAVI"},"url":"https:\/\/228news.tg\/index.php\/author\/bienvenu\/"}]}},"jetpack_featured_media_url":"https:\/\/228news.tg\/wp-content\/uploads\/2023\/10\/FB_IMG_1697602761140-1.jpg","_links":{"self":[{"href":"https:\/\/228news.tg\/index.php\/wp-json\/wp\/v2\/posts\/12315","targetHints":{"allow":["GET"]}}],"collection":[{"href":"https:\/\/228news.tg\/index.php\/wp-json\/wp\/v2\/posts"}],"about":[{"href":"https:\/\/228news.tg\/index.php\/wp-json\/wp\/v2\/types\/post"}],"author":[{"embeddable":true,"href":"https:\/\/228news.tg\/index.php\/wp-json\/wp\/v2\/users\/2"}],"replies":[{"embeddable":true,"href":"https:\/\/228news.tg\/index.php\/wp-json\/wp\/v2\/comments?post=12315"}],"version-history":[{"count":0,"href":"https:\/\/228news.tg\/index.php\/wp-json\/wp\/v2\/posts\/12315\/revisions"}],"wp:featuredmedia":[{"embeddable":true,"href":"https:\/\/228news.tg\/index.php\/wp-json\/wp\/v2\/media\/12317"}],"wp:attachment":[{"href":"https:\/\/228news.tg\/index.php\/wp-json\/wp\/v2\/media?parent=12315"}],"wp:term":[{"taxonomy":"category","embeddable":true,"href":"https:\/\/228news.tg\/index.php\/wp-json\/wp\/v2\/categories?post=12315"},{"taxonomy":"post_tag","embeddable":true,"href":"https:\/\/228news.tg\/index.php\/wp-json\/wp\/v2\/tags?post=12315"}],"curies":[{"name":"wp","href":"https:\/\/api.w.org\/{rel}","templated":true}]}}