{"id":12257,"date":"2023-10-07T11:18:02","date_gmt":"2023-10-07T11:18:02","guid":{"rendered":"http:\/\/localhost\/site\/228news\/?p=12257"},"modified":"2023-10-07T11:18:02","modified_gmt":"2023-10-07T11:18:02","slug":"15-malfrats-dans-les-mailles-de-la-police","status":"publish","type":"post","link":"https:\/\/228news.tg\/index.php\/2023\/10\/07\/15-malfrats-dans-les-mailles-de-la-police\/","title":{"rendered":"15 malfrats dans les mailles de la police"},"content":{"rendered":"<p>PRESENTATION DE MALFRATS<\/p>\n<p>15 malfrats, appartenant \u00e0 divers r\u00e9seaux criminels, sont dans les mailles de la Police nationale.<\/p>\n<p>Le premier, d\u00e9nomm\u00e9 L. Kossi, op\u00e8re de concert avec un certain \u00ab\u00a0Escroki\u00a0\u00bb en fuite. Tous deux repris de justice, sont pr\u00e9sum\u00e9s sp\u00e9cialis\u00e9s dans le cambriolage des voitures en stationnement. Le 19 aout dernier \u00e0 Hedzranaw\u00e9, ils ont bris\u00e9 la vitre d\u2019une voiture et emport\u00e9 des objets de valeur. L\u2019enqu\u00eate ouverte \u00e0 la suite de ce forfait a conduit \u00e0 l\u2019interpellation de l\u2019int\u00e9ress\u00e9.<\/p>\n<p>Le deuxi\u00e8me malfrat, au nom de A. Koumengou, est un pr\u00e9sum\u00e9 voleur \u00e0 l\u2019\u00e9talage qui d\u00e9robe des tissus dans les boutiques. Il a \u00e9t\u00e9 interpell\u00e9 par suite de la publication d\u2019une vid\u00e9o ayant fait le tour des r\u00e9seaux sociaux les pr\u00e9c\u00e9dentes semaines et montrant un jeune homme d\u00e9robant des pagnes. Pour parvenir \u00e0 ses fins, il entre dans une boutique, pr\u00e9tend vouloir acheter une grande quantit\u00e9 de pagnes ; et pendant que les vendeurs sont affair\u00e9s \u00e0 lui proposer des pi\u00e8ces \u00e0 acheter, il profite de leur inattention pour soustraire des pagnes de valeur qu\u2019il dissimule dans son sac \u00e0 dos. Une fois le vol consomm\u00e9, il d\u00e9cide finalement de ne plus acheter et promet de revenir ult\u00e9rieurement, chose qu\u2019il ne fait pas.<\/p>\n<p>Le dernier groupe est compos\u00e9 de 13 pr\u00e9sum\u00e9s cybercriminels, tous de nationalit\u00e9 nig\u00e9riane. Ils ont \u00e9t\u00e9 interpell\u00e9s sur information le 30 septembre dernier, et plusieurs supports num\u00e9riques ont \u00e9t\u00e9 saisis \u00e0 l\u2019occasion de cette descente. Leur exploitation a permis de d\u00e9couvrir que ces individus cr\u00e9ent des comptes sur des r\u00e9seaux sociaux avec de faux profils. Ils se servent de ces comptes pour app\u00e2ter leurs cibles en cr\u00e9ant de fausses relations amoureuses, pour ensuite se faire remettre de fortes sommes d\u2019argent, r\u00e9alisant ainsi ce qu\u2019on d\u00e9nomme des \u2018\u2019arnaques au love tchat\u2019\u2019.<\/p>\n<p>Remerciements, vigilance et collaboration, tels sont les mots de la Police nationale \u00e0 l\u2019endroit de la population togolaise.<\/p>\n<p>Source: Police Nationale<\/p>\n","protected":false},"excerpt":{"rendered":"<p>PRESENTATION DE MALFRATS 15 malfrats, appartenant \u00e0 divers r\u00e9seaux criminels, sont dans les mailles de la Police nationale. Le premier, d\u00e9nomm\u00e9 L. Kossi, op\u00e8re de concert avec un certain \u00ab\u00a0Escroki\u00a0\u00bb en fuite. Tous deux repris de justice, sont pr\u00e9sum\u00e9s sp\u00e9cialis\u00e9s dans le cambriolage des voitures en stationnement. Le 19 aout dernier \u00e0 Hedzranaw\u00e9, ils ont &#8230; <a title=\"15 malfrats dans les mailles de la police\" class=\"read-more\" href=\"https:\/\/228news.tg\/index.php\/2023\/10\/07\/15-malfrats-dans-les-mailles-de-la-police\/\" aria-label=\"En savoir plus sur 15 malfrats dans les mailles de la police\">Lire la suite<\/a><\/p>\n","protected":false},"author":2,"featured_media":12258,"comment_status":"open","ping_status":"open","sticky":false,"template":"","format":"chat","meta":{"footnotes":""},"categories":[29],"tags":[],"class_list":["post-12257","post","type-post","status-publish","format-chat","has-post-thumbnail","hentry","category-societe","post_format-post-format-chat"],"yoast_head":"<!-- This site is optimized with the Yoast SEO plugin v26.4 - https:\/\/yoast.com\/wordpress\/plugins\/seo\/ -->\n<title>15 malfrats dans les mailles de la police - 228 News<\/title>\n<meta name=\"robots\" content=\"index, follow, max-snippet:-1, max-image-preview:large, max-video-preview:-1\" \/>\n<link rel=\"canonical\" href=\"https:\/\/228news.tg\/index.php\/2023\/10\/07\/15-malfrats-dans-les-mailles-de-la-police\/\" \/>\n<meta property=\"og:locale\" content=\"fr_FR\" \/>\n<meta property=\"og:type\" content=\"article\" \/>\n<meta property=\"og:title\" content=\"15 malfrats dans les mailles de la police - 228 News\" \/>\n<meta property=\"og:description\" content=\"PRESENTATION DE MALFRATS 15 malfrats, appartenant \u00e0 divers r\u00e9seaux criminels, sont dans les mailles de la Police nationale. Le premier, d\u00e9nomm\u00e9 L. Kossi, op\u00e8re de concert avec un certain \u00ab\u00a0Escroki\u00a0\u00bb en fuite. Tous deux repris de justice, sont pr\u00e9sum\u00e9s sp\u00e9cialis\u00e9s dans le cambriolage des voitures en stationnement. Le 19 aout dernier \u00e0 Hedzranaw\u00e9, ils ont ... Lire la suite\" \/>\n<meta property=\"og:url\" content=\"https:\/\/228news.tg\/index.php\/2023\/10\/07\/15-malfrats-dans-les-mailles-de-la-police\/\" \/>\n<meta property=\"og:site_name\" content=\"228 News\" \/>\n<meta property=\"article:published_time\" content=\"2023-10-07T11:18:02+00:00\" \/>\n<meta name=\"author\" content=\"Bienvenu SAVI\" \/>\n<meta name=\"twitter:card\" content=\"summary_large_image\" \/>\n<meta name=\"twitter:label1\" content=\"\u00c9crit par\" \/>\n\t<meta name=\"twitter:data1\" content=\"Bienvenu SAVI\" \/>\n\t<meta name=\"twitter:label2\" content=\"Dur\u00e9e de lecture estim\u00e9e\" \/>\n\t<meta name=\"twitter:data2\" content=\"2 minutes\" \/>\n<script type=\"application\/ld+json\" class=\"yoast-schema-graph\">{\"@context\":\"https:\/\/schema.org\",\"@graph\":[{\"@type\":\"Article\",\"@id\":\"https:\/\/228news.tg\/index.php\/2023\/10\/07\/15-malfrats-dans-les-mailles-de-la-police\/#article\",\"isPartOf\":{\"@id\":\"https:\/\/228news.tg\/index.php\/2023\/10\/07\/15-malfrats-dans-les-mailles-de-la-police\/\"},\"author\":{\"name\":\"Bienvenu SAVI\",\"@id\":\"https:\/\/228news.tg\/#\/schema\/person\/68d5a6cc0230290e61235c8379523f52\"},\"headline\":\"15 malfrats dans les mailles de la police\",\"datePublished\":\"2023-10-07T11:18:02+00:00\",\"mainEntityOfPage\":{\"@id\":\"https:\/\/228news.tg\/index.php\/2023\/10\/07\/15-malfrats-dans-les-mailles-de-la-police\/\"},\"wordCount\":351,\"commentCount\":0,\"publisher\":{\"@id\":\"https:\/\/228news.tg\/#organization\"},\"image\":{\"@id\":\"https:\/\/228news.tg\/index.php\/2023\/10\/07\/15-malfrats-dans-les-mailles-de-la-police\/#primaryimage\"},\"thumbnailUrl\":\"https:\/\/228news.tg\/wp-content\/uploads\/2023\/10\/FB_IMG_1696677266577-1.jpg\",\"articleSection\":[\"SOCIETE\"],\"inLanguage\":\"fr-FR\",\"potentialAction\":[{\"@type\":\"CommentAction\",\"name\":\"Comment\",\"target\":[\"https:\/\/228news.tg\/index.php\/2023\/10\/07\/15-malfrats-dans-les-mailles-de-la-police\/#respond\"]}]},{\"@type\":\"WebPage\",\"@id\":\"https:\/\/228news.tg\/index.php\/2023\/10\/07\/15-malfrats-dans-les-mailles-de-la-police\/\",\"url\":\"https:\/\/228news.tg\/index.php\/2023\/10\/07\/15-malfrats-dans-les-mailles-de-la-police\/\",\"name\":\"15 malfrats dans les mailles de la police - 228 News\",\"isPartOf\":{\"@id\":\"https:\/\/228news.tg\/#website\"},\"primaryImageOfPage\":{\"@id\":\"https:\/\/228news.tg\/index.php\/2023\/10\/07\/15-malfrats-dans-les-mailles-de-la-police\/#primaryimage\"},\"image\":{\"@id\":\"https:\/\/228news.tg\/index.php\/2023\/10\/07\/15-malfrats-dans-les-mailles-de-la-police\/#primaryimage\"},\"thumbnailUrl\":\"https:\/\/228news.tg\/wp-content\/uploads\/2023\/10\/FB_IMG_1696677266577-1.jpg\",\"datePublished\":\"2023-10-07T11:18:02+00:00\",\"breadcrumb\":{\"@id\":\"https:\/\/228news.tg\/index.php\/2023\/10\/07\/15-malfrats-dans-les-mailles-de-la-police\/#breadcrumb\"},\"inLanguage\":\"fr-FR\",\"potentialAction\":[{\"@type\":\"ReadAction\",\"target\":[\"https:\/\/228news.tg\/index.php\/2023\/10\/07\/15-malfrats-dans-les-mailles-de-la-police\/\"]}]},{\"@type\":\"ImageObject\",\"inLanguage\":\"fr-FR\",\"@id\":\"https:\/\/228news.tg\/index.php\/2023\/10\/07\/15-malfrats-dans-les-mailles-de-la-police\/#primaryimage\",\"url\":\"https:\/\/228news.tg\/wp-content\/uploads\/2023\/10\/FB_IMG_1696677266577-1.jpg\",\"contentUrl\":\"https:\/\/228news.tg\/wp-content\/uploads\/2023\/10\/FB_IMG_1696677266577-1.jpg\",\"width\":1080,\"height\":720},{\"@type\":\"BreadcrumbList\",\"@id\":\"https:\/\/228news.tg\/index.php\/2023\/10\/07\/15-malfrats-dans-les-mailles-de-la-police\/#breadcrumb\",\"itemListElement\":[{\"@type\":\"ListItem\",\"position\":1,\"name\":\"Home\",\"item\":\"https:\/\/228news.tg\/\"},{\"@type\":\"ListItem\",\"position\":2,\"name\":\"15 malfrats dans les mailles de la police\"}]},{\"@type\":\"WebSite\",\"@id\":\"https:\/\/228news.tg\/#website\",\"url\":\"https:\/\/228news.tg\/\",\"name\":\"228 News\",\"description\":\"Soci\u00e9t\u00e9 de m\u00e9dias et d\u2019actualit\u00e9s\",\"publisher\":{\"@id\":\"https:\/\/228news.tg\/#organization\"},\"potentialAction\":[{\"@type\":\"SearchAction\",\"target\":{\"@type\":\"EntryPoint\",\"urlTemplate\":\"https:\/\/228news.tg\/?s={search_term_string}\"},\"query-input\":{\"@type\":\"PropertyValueSpecification\",\"valueRequired\":true,\"valueName\":\"search_term_string\"}}],\"inLanguage\":\"fr-FR\"},{\"@type\":\"Organization\",\"@id\":\"https:\/\/228news.tg\/#organization\",\"name\":\"228 News\",\"url\":\"https:\/\/228news.tg\/\",\"logo\":{\"@type\":\"ImageObject\",\"inLanguage\":\"fr-FR\",\"@id\":\"https:\/\/228news.tg\/#\/schema\/logo\/image\/\",\"url\":\"https:\/\/228news.tg\/wp-content\/uploads\/2024\/09\/logonew.png\",\"contentUrl\":\"https:\/\/228news.tg\/wp-content\/uploads\/2024\/09\/logonew.png\",\"width\":1640,\"height\":364,\"caption\":\"228 News\"},\"image\":{\"@id\":\"https:\/\/228news.tg\/#\/schema\/logo\/image\/\"}},{\"@type\":\"Person\",\"@id\":\"https:\/\/228news.tg\/#\/schema\/person\/68d5a6cc0230290e61235c8379523f52\",\"name\":\"Bienvenu SAVI\",\"image\":{\"@type\":\"ImageObject\",\"inLanguage\":\"fr-FR\",\"@id\":\"https:\/\/228news.tg\/#\/schema\/person\/image\/\",\"url\":\"https:\/\/secure.gravatar.com\/avatar\/9db91895c559e510509c33a3e9683998458e9b828fac36d5d1aa23f0f2fd369b?s=96&d=mm&r=g\",\"contentUrl\":\"https:\/\/secure.gravatar.com\/avatar\/9db91895c559e510509c33a3e9683998458e9b828fac36d5d1aa23f0f2fd369b?s=96&d=mm&r=g\",\"caption\":\"Bienvenu SAVI\"},\"url\":\"https:\/\/228news.tg\/index.php\/author\/bienvenu\/\"}]}<\/script>\n<!-- \/ Yoast SEO plugin. -->","yoast_head_json":{"title":"15 malfrats dans les mailles de la police - 228 News","robots":{"index":"index","follow":"follow","max-snippet":"max-snippet:-1","max-image-preview":"max-image-preview:large","max-video-preview":"max-video-preview:-1"},"canonical":"https:\/\/228news.tg\/index.php\/2023\/10\/07\/15-malfrats-dans-les-mailles-de-la-police\/","og_locale":"fr_FR","og_type":"article","og_title":"15 malfrats dans les mailles de la police - 228 News","og_description":"PRESENTATION DE MALFRATS 15 malfrats, appartenant \u00e0 divers r\u00e9seaux criminels, sont dans les mailles de la Police nationale. Le premier, d\u00e9nomm\u00e9 L. Kossi, op\u00e8re de concert avec un certain \u00ab\u00a0Escroki\u00a0\u00bb en fuite. Tous deux repris de justice, sont pr\u00e9sum\u00e9s sp\u00e9cialis\u00e9s dans le cambriolage des voitures en stationnement. Le 19 aout dernier \u00e0 Hedzranaw\u00e9, ils ont ... Lire la suite","og_url":"https:\/\/228news.tg\/index.php\/2023\/10\/07\/15-malfrats-dans-les-mailles-de-la-police\/","og_site_name":"228 News","article_published_time":"2023-10-07T11:18:02+00:00","author":"Bienvenu SAVI","twitter_card":"summary_large_image","twitter_misc":{"\u00c9crit par":"Bienvenu SAVI","Dur\u00e9e de lecture estim\u00e9e":"2 minutes"},"schema":{"@context":"https:\/\/schema.org","@graph":[{"@type":"Article","@id":"https:\/\/228news.tg\/index.php\/2023\/10\/07\/15-malfrats-dans-les-mailles-de-la-police\/#article","isPartOf":{"@id":"https:\/\/228news.tg\/index.php\/2023\/10\/07\/15-malfrats-dans-les-mailles-de-la-police\/"},"author":{"name":"Bienvenu SAVI","@id":"https:\/\/228news.tg\/#\/schema\/person\/68d5a6cc0230290e61235c8379523f52"},"headline":"15 malfrats dans les mailles de la police","datePublished":"2023-10-07T11:18:02+00:00","mainEntityOfPage":{"@id":"https:\/\/228news.tg\/index.php\/2023\/10\/07\/15-malfrats-dans-les-mailles-de-la-police\/"},"wordCount":351,"commentCount":0,"publisher":{"@id":"https:\/\/228news.tg\/#organization"},"image":{"@id":"https:\/\/228news.tg\/index.php\/2023\/10\/07\/15-malfrats-dans-les-mailles-de-la-police\/#primaryimage"},"thumbnailUrl":"https:\/\/228news.tg\/wp-content\/uploads\/2023\/10\/FB_IMG_1696677266577-1.jpg","articleSection":["SOCIETE"],"inLanguage":"fr-FR","potentialAction":[{"@type":"CommentAction","name":"Comment","target":["https:\/\/228news.tg\/index.php\/2023\/10\/07\/15-malfrats-dans-les-mailles-de-la-police\/#respond"]}]},{"@type":"WebPage","@id":"https:\/\/228news.tg\/index.php\/2023\/10\/07\/15-malfrats-dans-les-mailles-de-la-police\/","url":"https:\/\/228news.tg\/index.php\/2023\/10\/07\/15-malfrats-dans-les-mailles-de-la-police\/","name":"15 malfrats dans les mailles de la police - 228 News","isPartOf":{"@id":"https:\/\/228news.tg\/#website"},"primaryImageOfPage":{"@id":"https:\/\/228news.tg\/index.php\/2023\/10\/07\/15-malfrats-dans-les-mailles-de-la-police\/#primaryimage"},"image":{"@id":"https:\/\/228news.tg\/index.php\/2023\/10\/07\/15-malfrats-dans-les-mailles-de-la-police\/#primaryimage"},"thumbnailUrl":"https:\/\/228news.tg\/wp-content\/uploads\/2023\/10\/FB_IMG_1696677266577-1.jpg","datePublished":"2023-10-07T11:18:02+00:00","breadcrumb":{"@id":"https:\/\/228news.tg\/index.php\/2023\/10\/07\/15-malfrats-dans-les-mailles-de-la-police\/#breadcrumb"},"inLanguage":"fr-FR","potentialAction":[{"@type":"ReadAction","target":["https:\/\/228news.tg\/index.php\/2023\/10\/07\/15-malfrats-dans-les-mailles-de-la-police\/"]}]},{"@type":"ImageObject","inLanguage":"fr-FR","@id":"https:\/\/228news.tg\/index.php\/2023\/10\/07\/15-malfrats-dans-les-mailles-de-la-police\/#primaryimage","url":"https:\/\/228news.tg\/wp-content\/uploads\/2023\/10\/FB_IMG_1696677266577-1.jpg","contentUrl":"https:\/\/228news.tg\/wp-content\/uploads\/2023\/10\/FB_IMG_1696677266577-1.jpg","width":1080,"height":720},{"@type":"BreadcrumbList","@id":"https:\/\/228news.tg\/index.php\/2023\/10\/07\/15-malfrats-dans-les-mailles-de-la-police\/#breadcrumb","itemListElement":[{"@type":"ListItem","position":1,"name":"Home","item":"https:\/\/228news.tg\/"},{"@type":"ListItem","position":2,"name":"15 malfrats dans les mailles de la police"}]},{"@type":"WebSite","@id":"https:\/\/228news.tg\/#website","url":"https:\/\/228news.tg\/","name":"228 News","description":"Soci\u00e9t\u00e9 de m\u00e9dias et d\u2019actualit\u00e9s","publisher":{"@id":"https:\/\/228news.tg\/#organization"},"potentialAction":[{"@type":"SearchAction","target":{"@type":"EntryPoint","urlTemplate":"https:\/\/228news.tg\/?s={search_term_string}"},"query-input":{"@type":"PropertyValueSpecification","valueRequired":true,"valueName":"search_term_string"}}],"inLanguage":"fr-FR"},{"@type":"Organization","@id":"https:\/\/228news.tg\/#organization","name":"228 News","url":"https:\/\/228news.tg\/","logo":{"@type":"ImageObject","inLanguage":"fr-FR","@id":"https:\/\/228news.tg\/#\/schema\/logo\/image\/","url":"https:\/\/228news.tg\/wp-content\/uploads\/2024\/09\/logonew.png","contentUrl":"https:\/\/228news.tg\/wp-content\/uploads\/2024\/09\/logonew.png","width":1640,"height":364,"caption":"228 News"},"image":{"@id":"https:\/\/228news.tg\/#\/schema\/logo\/image\/"}},{"@type":"Person","@id":"https:\/\/228news.tg\/#\/schema\/person\/68d5a6cc0230290e61235c8379523f52","name":"Bienvenu SAVI","image":{"@type":"ImageObject","inLanguage":"fr-FR","@id":"https:\/\/228news.tg\/#\/schema\/person\/image\/","url":"https:\/\/secure.gravatar.com\/avatar\/9db91895c559e510509c33a3e9683998458e9b828fac36d5d1aa23f0f2fd369b?s=96&d=mm&r=g","contentUrl":"https:\/\/secure.gravatar.com\/avatar\/9db91895c559e510509c33a3e9683998458e9b828fac36d5d1aa23f0f2fd369b?s=96&d=mm&r=g","caption":"Bienvenu SAVI"},"url":"https:\/\/228news.tg\/index.php\/author\/bienvenu\/"}]}},"jetpack_featured_media_url":"https:\/\/228news.tg\/wp-content\/uploads\/2023\/10\/FB_IMG_1696677266577-1.jpg","_links":{"self":[{"href":"https:\/\/228news.tg\/index.php\/wp-json\/wp\/v2\/posts\/12257","targetHints":{"allow":["GET"]}}],"collection":[{"href":"https:\/\/228news.tg\/index.php\/wp-json\/wp\/v2\/posts"}],"about":[{"href":"https:\/\/228news.tg\/index.php\/wp-json\/wp\/v2\/types\/post"}],"author":[{"embeddable":true,"href":"https:\/\/228news.tg\/index.php\/wp-json\/wp\/v2\/users\/2"}],"replies":[{"embeddable":true,"href":"https:\/\/228news.tg\/index.php\/wp-json\/wp\/v2\/comments?post=12257"}],"version-history":[{"count":0,"href":"https:\/\/228news.tg\/index.php\/wp-json\/wp\/v2\/posts\/12257\/revisions"}],"wp:featuredmedia":[{"embeddable":true,"href":"https:\/\/228news.tg\/index.php\/wp-json\/wp\/v2\/media\/12258"}],"wp:attachment":[{"href":"https:\/\/228news.tg\/index.php\/wp-json\/wp\/v2\/media?parent=12257"}],"wp:term":[{"taxonomy":"category","embeddable":true,"href":"https:\/\/228news.tg\/index.php\/wp-json\/wp\/v2\/categories?post=12257"},{"taxonomy":"post_tag","embeddable":true,"href":"https:\/\/228news.tg\/index.php\/wp-json\/wp\/v2\/tags?post=12257"}],"curies":[{"name":"wp","href":"https:\/\/api.w.org\/{rel}","templated":true}]}}