{"id":1219,"date":"2018-02-28T00:00:00","date_gmt":"2018-02-28T00:00:00","guid":{"rendered":"https:\/\/228news.tg\/index.php\/2018\/02\/28\/exclu-avec-eric-ametsipe-president-de-la-vmb-sur-le-premier-salon-des-metiers-de-beaute-du-togo-le-made-in-africa-est-possible-si-nous-avons-la-volonte\/"},"modified":"2018-02-28T00:00:00","modified_gmt":"2018-02-28T00:00:00","slug":"exclu-avec-eric-ametsipe-president-de-la-vmb-sur-le-premier-salon-des-metiers-de-beaute-du-togo-le-made-in-africa-est-possible-si-nous-avons-la-volonte","status":"publish","type":"post","link":"https:\/\/228news.tg\/index.php\/2018\/02\/28\/exclu-avec-eric-ametsipe-president-de-la-vmb-sur-le-premier-salon-des-metiers-de-beaute-du-togo-le-made-in-africa-est-possible-si-nous-avons-la-volonte\/","title":{"rendered":"Exclu avec Eric Am\u00e9tsip\u00e9, pr\u00e9sident de la VMB, sur le premier salon des m\u00e9tiers de beaut\u00e9 du Togo: \u00ab\u00a0Le made in Africa est possible si nous avons la volont\u00e9&#8230;\u00a0\u00bb"},"content":{"rendered":"<p style=\"text-align: left;\"><em>Du 08 au 10 mars prochain, Lom\u00e9 va vibrer au rythme du tout premier salon des m\u00e9tiers de beaut\u00e9. Initiative de la Vall\u00e9e des M\u00e9tiers de Beaut\u00e9 du Togo (VMB), ce salon dont le th\u00e8me est \u00a0\u00bb M\u00e9tiers de Beaut\u00e9 &#8211; Qualit\u00e9 des produits &#8211; la R\u00e9ussite du made in Africa\u00a0\u00bb, se veut une vitrine des produits de beaut\u00e9 et de cosm\u00e9tique naturelle du Togo. Il vise avant tout \u00e0 promouvoir ses produits, rassembler les acteurs de cette cha\u00eene de valeur autour de l&rsquo;id\u00e9al d&rsquo;une consolidation du made in Africa et de la formalisation du secteur comme pourvoyeur d&#8217;emplois et cr\u00e9ateur de richesses. Dans une interview exclusive avec le pr\u00e9sident de la VMB, Eric Komlan Am\u00e9tsip\u00e9, votre site d&rsquo;information 228news.com s&rsquo;est impr\u00e9gn\u00e9 des pr\u00e9paratifs de ce salon, des objectifs et attentes, ainsi que des perspectives d&rsquo;avenir de la VMB, port\u00e9e sur les fonts baptismaux, il y a \u00e0 peine un an.<\/em><\/p>\n<p style=\"text-align: center;\"><strong>Bonjour M. Am\u00e9tsip\u00e9, l&rsquo;association que vous pr\u00e9sidez organise \u00e0 Lom\u00e9 le mois prochain un salon sur les m\u00e9tiers de beaut\u00e9, qu&rsquo;en est il r\u00e9ellement ?<\/strong><\/p>\n<p><em>M. Am\u00e9tsip\u00e9:<\/em>:\u00a0Le Salon des M\u00e9tiers de la Beaut\u00e9 \u00ab\u00a0la Belle Africaine Top 55\u00a0\u00bb est une initiative de notre association La Vall\u00e9e des M\u00e9tiers de Beaut\u00e9 (VMB). Ce Salon se d\u00e9roulera du 08 (journ\u00e9e internationale de la femme) au 10 mars 2018 \u00e0 Agora Senghor. L&rsquo;objectif est de valoriser les produits naturels de beaut\u00e9 africaine. Quatre pays africains (Togo, B\u00e9nin, Burkina Faso, Ghana et S\u00e9n\u00e9gal) participeront \u00e0 la c\u00e9l\u00e9bration des M\u00e9tiers africains de la Beaut\u00e9. Le lancement officiel a \u00e9t\u00e9 fait le 20 f\u00e9vrier 2018. Le th\u00e8me retenu pour cette premi\u00e8re \u00e9dition du Top 55 est : M\u00e9tiers de Beaut\u00e9 &#8211; Qualit\u00e9 des produits &#8211; la R\u00e9ussite du made in Africa.<\/p>\n<p style=\"text-align: center;\"><strong>Qu&rsquo;est ce qui a \u00e9t\u00e9 fait jusqu&rsquo;\u00e0 pr\u00e9sent pour la bonne tenue de cet \u00e9v\u00e9nement?<\/strong><\/p>\n<p><em>M. Am\u00e9tsip\u00e9:<\/em>\u00a0A ce jour, les pr\u00e9paratifs dignes d&rsquo;une bonne organisation d&rsquo;un salon, se m\u00e8nent bien, notamment les repr\u00e9sentants ou participants des pays invit\u00e9s, les exposants membres ou non de la Vall\u00e9e des M\u00e9tiers de Beaut\u00e9 (VMB) et les institutions et organisations concern\u00e9es. A ce jour, nous avons re\u00e7u\u00a0\u00a0117 demandes de stands mais 24 seulement exposeront au maximum.<\/p>\n<p style=\"text-align: center;\"><strong>Quelles sont vos attentes \u00e0 l&rsquo;issue de ce salon?<\/strong><\/p>\n<p><em>M. Am\u00e9tsip\u00e9:<\/em> La revalorisation des m\u00e9tiers de beaut\u00e9, cette richesse naturelle et culturelle que les parents et les grands parents nous ont laiss\u00e9e.<\/p>\n<p style=\"text-align: center;\"><strong>Qui peut venir au salon des m\u00e9tiers de beaut\u00e9 et pour faire quoi?<\/strong><\/p>\n<p><em>M. Am\u00e9tsip\u00e9:\u00a0<\/em>Tout le monde est invit\u00e9 au Salon Top 55. Des produits naturels de beaut\u00e9 africaine y seront expos\u00e9s, notamment des savons de beurre de cacao, des huiles essentielles, de lotion de riz, de gels de gombo, produits anti douleurs, les habits, des chaussures, des pommades , des savons noirs&#8230;.., des produits qui contribution \u00e0 notre \u00e9panouissement corporel et notre bien \u00eatre au quotidien.<\/p>\n<p style=\"text-align: center;\"><strong>Le made in Africa est il possible?<\/strong><\/p>\n<p><em>M. Am\u00e9tsip\u00e9:<\/em> Le made in Africa est possible si nous avons la volont\u00e9.\u00a0Nous voulons r\u00e9ussir le Top 55 pour promouvoir les m\u00e9tiers de beaut\u00e9 (source d&#8217;emplois), valoriser les produits naturels de beaut\u00e9 dont la qualit\u00e9 est prouv\u00e9e, et r\u00e9ussir sur comment r\u00e9ussir le made in Africa.<\/p>\n<p style=\"text-align: center;\"><strong>Perspectives et mot de fin<\/strong><\/p>\n<p><em>M. Am\u00e9tsip\u00e9:<\/em> Nous invitons le public \u00e0 venir \u00e9changer avec nos valeureux acteurs et actrices sur les produits naturels et les acheter. Le m\u00e9tier de beaut\u00e9 reste un m\u00e9tier d&rsquo;avenir. Merci<\/p>\n<p><strong>R\u00e9alis\u00e9e par D\u00e9mocrate<\/strong><\/p>\n<p><strong>(00228) 91 85 40 14<\/strong><\/p>\n<p><strong>\u00a098 60 67 68<\/strong><\/p>\n<p><strong>democrate2010@gmail.com<\/strong><\/p>\n","protected":false},"excerpt":{"rendered":"<p>Du 08 au 10 mars prochain, Lom\u00e9 va vibrer au rythme du tout premier salon des m\u00e9tiers de beaut\u00e9. Initiative de la Vall\u00e9e des M\u00e9tiers de Beaut\u00e9 du Togo (VMB), ce salon dont le th\u00e8me est \u00a0\u00bb M\u00e9tiers de Beaut\u00e9 &#8211; Qualit\u00e9 des produits &#8211; la R\u00e9ussite du made in Africa\u00a0\u00bb, se veut une vitrine &#8230; <a title=\"Exclu avec Eric Am\u00e9tsip\u00e9, pr\u00e9sident de la VMB, sur le premier salon des m\u00e9tiers de beaut\u00e9 du Togo: \u00ab\u00a0Le made in Africa est possible si nous avons la volont\u00e9&#8230;\u00a0\u00bb\" class=\"read-more\" href=\"https:\/\/228news.tg\/index.php\/2018\/02\/28\/exclu-avec-eric-ametsipe-president-de-la-vmb-sur-le-premier-salon-des-metiers-de-beaute-du-togo-le-made-in-africa-est-possible-si-nous-avons-la-volonte\/\" aria-label=\"En savoir plus sur Exclu avec Eric Am\u00e9tsip\u00e9, pr\u00e9sident de la VMB, sur le premier salon des m\u00e9tiers de beaut\u00e9 du Togo: \u00ab\u00a0Le made in Africa est possible si nous avons la volont\u00e9&#8230;\u00a0\u00bb\">Lire la suite<\/a><\/p>\n","protected":false},"author":2,"featured_media":1220,"comment_status":"open","ping_status":"open","sticky":false,"template":"","format":"standard","meta":{"footnotes":""},"categories":[31,35,25,34],"tags":[],"class_list":["post-1219","post","type-post","status-publish","format-standard","has-post-thumbnail","hentry","category-developpement","category-flash","category-togo","category-une"],"yoast_head":"<!-- This site is optimized with the Yoast SEO plugin v26.4 - https:\/\/yoast.com\/wordpress\/plugins\/seo\/ -->\n<title>Exclu avec Eric Am\u00e9tsip\u00e9, pr\u00e9sident de la VMB, sur le premier salon des m\u00e9tiers de beaut\u00e9 du Togo: &quot;Le made in Africa est possible si nous avons la volont\u00e9...&quot; - 228 News<\/title>\n<meta name=\"robots\" content=\"index, follow, max-snippet:-1, max-image-preview:large, max-video-preview:-1\" \/>\n<link rel=\"canonical\" href=\"https:\/\/228news.tg\/index.php\/2018\/02\/28\/exclu-avec-eric-ametsipe-president-de-la-vmb-sur-le-premier-salon-des-metiers-de-beaute-du-togo-le-made-in-africa-est-possible-si-nous-avons-la-volonte\/\" \/>\n<meta property=\"og:locale\" content=\"fr_FR\" \/>\n<meta property=\"og:type\" content=\"article\" \/>\n<meta property=\"og:title\" content=\"Exclu avec Eric Am\u00e9tsip\u00e9, pr\u00e9sident de la VMB, sur le premier salon des m\u00e9tiers de beaut\u00e9 du Togo: &quot;Le made in Africa est possible si nous avons la volont\u00e9...&quot; - 228 News\" \/>\n<meta property=\"og:description\" content=\"Du 08 au 10 mars prochain, Lom\u00e9 va vibrer au rythme du tout premier salon des m\u00e9tiers de beaut\u00e9. Initiative de la Vall\u00e9e des M\u00e9tiers de Beaut\u00e9 du Togo (VMB), ce salon dont le th\u00e8me est \u00a0\u00bb M\u00e9tiers de Beaut\u00e9 &#8211; Qualit\u00e9 des produits &#8211; la R\u00e9ussite du made in Africa\u00a0\u00bb, se veut une vitrine ... Lire la suite\" \/>\n<meta property=\"og:url\" content=\"https:\/\/228news.tg\/index.php\/2018\/02\/28\/exclu-avec-eric-ametsipe-president-de-la-vmb-sur-le-premier-salon-des-metiers-de-beaute-du-togo-le-made-in-africa-est-possible-si-nous-avons-la-volonte\/\" \/>\n<meta property=\"og:site_name\" content=\"228 News\" \/>\n<meta property=\"article:published_time\" content=\"2018-02-28T00:00:00+00:00\" \/>\n<meta property=\"og:image\" content=\"https:\/\/228news.tg\/wp-content\/uploads\/2024\/09\/photo_2018-02-21_12-46-47.jpg\" \/>\n\t<meta property=\"og:image:width\" content=\"1280\" \/>\n\t<meta property=\"og:image:height\" content=\"960\" \/>\n\t<meta property=\"og:image:type\" content=\"image\/jpeg\" \/>\n<meta name=\"author\" content=\"Bienvenu SAVI\" \/>\n<meta name=\"twitter:card\" content=\"summary_large_image\" \/>\n<meta name=\"twitter:label1\" content=\"\u00c9crit par\" \/>\n\t<meta name=\"twitter:data1\" content=\"Bienvenu SAVI\" \/>\n\t<meta name=\"twitter:label2\" content=\"Dur\u00e9e de lecture estim\u00e9e\" \/>\n\t<meta name=\"twitter:data2\" content=\"3 minutes\" \/>\n<script type=\"application\/ld+json\" class=\"yoast-schema-graph\">{\"@context\":\"https:\/\/schema.org\",\"@graph\":[{\"@type\":\"Article\",\"@id\":\"https:\/\/228news.tg\/index.php\/2018\/02\/28\/exclu-avec-eric-ametsipe-president-de-la-vmb-sur-le-premier-salon-des-metiers-de-beaute-du-togo-le-made-in-africa-est-possible-si-nous-avons-la-volonte\/#article\",\"isPartOf\":{\"@id\":\"https:\/\/228news.tg\/index.php\/2018\/02\/28\/exclu-avec-eric-ametsipe-president-de-la-vmb-sur-le-premier-salon-des-metiers-de-beaute-du-togo-le-made-in-africa-est-possible-si-nous-avons-la-volonte\/\"},\"author\":{\"name\":\"Bienvenu SAVI\",\"@id\":\"https:\/\/228news.tg\/#\/schema\/person\/68d5a6cc0230290e61235c8379523f52\"},\"headline\":\"Exclu avec Eric Am\u00e9tsip\u00e9, pr\u00e9sident de la VMB, sur le premier salon des m\u00e9tiers de beaut\u00e9 du Togo: \u00ab\u00a0Le made in Africa est possible si nous avons la volont\u00e9&#8230;\u00a0\u00bb\",\"datePublished\":\"2018-02-28T00:00:00+00:00\",\"mainEntityOfPage\":{\"@id\":\"https:\/\/228news.tg\/index.php\/2018\/02\/28\/exclu-avec-eric-ametsipe-president-de-la-vmb-sur-le-premier-salon-des-metiers-de-beaute-du-togo-le-made-in-africa-est-possible-si-nous-avons-la-volonte\/\"},\"wordCount\":655,\"commentCount\":0,\"publisher\":{\"@id\":\"https:\/\/228news.tg\/#organization\"},\"image\":{\"@id\":\"https:\/\/228news.tg\/index.php\/2018\/02\/28\/exclu-avec-eric-ametsipe-president-de-la-vmb-sur-le-premier-salon-des-metiers-de-beaute-du-togo-le-made-in-africa-est-possible-si-nous-avons-la-volonte\/#primaryimage\"},\"thumbnailUrl\":\"https:\/\/228news.tg\/wp-content\/uploads\/2024\/09\/photo_2018-02-21_12-46-47.jpg\",\"articleSection\":[\"DEVELOPPEMENT\",\"Flash\",\"TOGO\",\"Une\"],\"inLanguage\":\"fr-FR\",\"potentialAction\":[{\"@type\":\"CommentAction\",\"name\":\"Comment\",\"target\":[\"https:\/\/228news.tg\/index.php\/2018\/02\/28\/exclu-avec-eric-ametsipe-president-de-la-vmb-sur-le-premier-salon-des-metiers-de-beaute-du-togo-le-made-in-africa-est-possible-si-nous-avons-la-volonte\/#respond\"]}]},{\"@type\":\"WebPage\",\"@id\":\"https:\/\/228news.tg\/index.php\/2018\/02\/28\/exclu-avec-eric-ametsipe-president-de-la-vmb-sur-le-premier-salon-des-metiers-de-beaute-du-togo-le-made-in-africa-est-possible-si-nous-avons-la-volonte\/\",\"url\":\"https:\/\/228news.tg\/index.php\/2018\/02\/28\/exclu-avec-eric-ametsipe-president-de-la-vmb-sur-le-premier-salon-des-metiers-de-beaute-du-togo-le-made-in-africa-est-possible-si-nous-avons-la-volonte\/\",\"name\":\"Exclu avec Eric Am\u00e9tsip\u00e9, pr\u00e9sident de la VMB, sur le premier salon des m\u00e9tiers de beaut\u00e9 du Togo: \\\"Le made in Africa est possible si nous avons la volont\u00e9...\\\" - 228 News\",\"isPartOf\":{\"@id\":\"https:\/\/228news.tg\/#website\"},\"primaryImageOfPage\":{\"@id\":\"https:\/\/228news.tg\/index.php\/2018\/02\/28\/exclu-avec-eric-ametsipe-president-de-la-vmb-sur-le-premier-salon-des-metiers-de-beaute-du-togo-le-made-in-africa-est-possible-si-nous-avons-la-volonte\/#primaryimage\"},\"image\":{\"@id\":\"https:\/\/228news.tg\/index.php\/2018\/02\/28\/exclu-avec-eric-ametsipe-president-de-la-vmb-sur-le-premier-salon-des-metiers-de-beaute-du-togo-le-made-in-africa-est-possible-si-nous-avons-la-volonte\/#primaryimage\"},\"thumbnailUrl\":\"https:\/\/228news.tg\/wp-content\/uploads\/2024\/09\/photo_2018-02-21_12-46-47.jpg\",\"datePublished\":\"2018-02-28T00:00:00+00:00\",\"breadcrumb\":{\"@id\":\"https:\/\/228news.tg\/index.php\/2018\/02\/28\/exclu-avec-eric-ametsipe-president-de-la-vmb-sur-le-premier-salon-des-metiers-de-beaute-du-togo-le-made-in-africa-est-possible-si-nous-avons-la-volonte\/#breadcrumb\"},\"inLanguage\":\"fr-FR\",\"potentialAction\":[{\"@type\":\"ReadAction\",\"target\":[\"https:\/\/228news.tg\/index.php\/2018\/02\/28\/exclu-avec-eric-ametsipe-president-de-la-vmb-sur-le-premier-salon-des-metiers-de-beaute-du-togo-le-made-in-africa-est-possible-si-nous-avons-la-volonte\/\"]}]},{\"@type\":\"ImageObject\",\"inLanguage\":\"fr-FR\",\"@id\":\"https:\/\/228news.tg\/index.php\/2018\/02\/28\/exclu-avec-eric-ametsipe-president-de-la-vmb-sur-le-premier-salon-des-metiers-de-beaute-du-togo-le-made-in-africa-est-possible-si-nous-avons-la-volonte\/#primaryimage\",\"url\":\"https:\/\/228news.tg\/wp-content\/uploads\/2024\/09\/photo_2018-02-21_12-46-47.jpg\",\"contentUrl\":\"https:\/\/228news.tg\/wp-content\/uploads\/2024\/09\/photo_2018-02-21_12-46-47.jpg\",\"width\":1280,\"height\":960},{\"@type\":\"BreadcrumbList\",\"@id\":\"https:\/\/228news.tg\/index.php\/2018\/02\/28\/exclu-avec-eric-ametsipe-president-de-la-vmb-sur-le-premier-salon-des-metiers-de-beaute-du-togo-le-made-in-africa-est-possible-si-nous-avons-la-volonte\/#breadcrumb\",\"itemListElement\":[{\"@type\":\"ListItem\",\"position\":1,\"name\":\"Home\",\"item\":\"https:\/\/228news.tg\/\"},{\"@type\":\"ListItem\",\"position\":2,\"name\":\"Exclu avec Eric Am\u00e9tsip\u00e9, pr\u00e9sident de la VMB, sur le premier salon des m\u00e9tiers de beaut\u00e9 du Togo: \u00ab\u00a0Le made in Africa est possible si nous avons la volont\u00e9&#8230;\u00a0\u00bb\"}]},{\"@type\":\"WebSite\",\"@id\":\"https:\/\/228news.tg\/#website\",\"url\":\"https:\/\/228news.tg\/\",\"name\":\"228 News\",\"description\":\"Soci\u00e9t\u00e9 de m\u00e9dias et d\u2019actualit\u00e9s\",\"publisher\":{\"@id\":\"https:\/\/228news.tg\/#organization\"},\"potentialAction\":[{\"@type\":\"SearchAction\",\"target\":{\"@type\":\"EntryPoint\",\"urlTemplate\":\"https:\/\/228news.tg\/?s={search_term_string}\"},\"query-input\":{\"@type\":\"PropertyValueSpecification\",\"valueRequired\":true,\"valueName\":\"search_term_string\"}}],\"inLanguage\":\"fr-FR\"},{\"@type\":\"Organization\",\"@id\":\"https:\/\/228news.tg\/#organization\",\"name\":\"228 News\",\"url\":\"https:\/\/228news.tg\/\",\"logo\":{\"@type\":\"ImageObject\",\"inLanguage\":\"fr-FR\",\"@id\":\"https:\/\/228news.tg\/#\/schema\/logo\/image\/\",\"url\":\"https:\/\/228news.tg\/wp-content\/uploads\/2024\/09\/logonew.png\",\"contentUrl\":\"https:\/\/228news.tg\/wp-content\/uploads\/2024\/09\/logonew.png\",\"width\":1640,\"height\":364,\"caption\":\"228 News\"},\"image\":{\"@id\":\"https:\/\/228news.tg\/#\/schema\/logo\/image\/\"}},{\"@type\":\"Person\",\"@id\":\"https:\/\/228news.tg\/#\/schema\/person\/68d5a6cc0230290e61235c8379523f52\",\"name\":\"Bienvenu SAVI\",\"image\":{\"@type\":\"ImageObject\",\"inLanguage\":\"fr-FR\",\"@id\":\"https:\/\/228news.tg\/#\/schema\/person\/image\/\",\"url\":\"https:\/\/secure.gravatar.com\/avatar\/9db91895c559e510509c33a3e9683998458e9b828fac36d5d1aa23f0f2fd369b?s=96&d=mm&r=g\",\"contentUrl\":\"https:\/\/secure.gravatar.com\/avatar\/9db91895c559e510509c33a3e9683998458e9b828fac36d5d1aa23f0f2fd369b?s=96&d=mm&r=g\",\"caption\":\"Bienvenu SAVI\"},\"url\":\"https:\/\/228news.tg\/index.php\/author\/bienvenu\/\"}]}<\/script>\n<!-- \/ Yoast SEO plugin. -->","yoast_head_json":{"title":"Exclu avec Eric Am\u00e9tsip\u00e9, pr\u00e9sident de la VMB, sur le premier salon des m\u00e9tiers de beaut\u00e9 du Togo: \"Le made in Africa est possible si nous avons la volont\u00e9...\" - 228 News","robots":{"index":"index","follow":"follow","max-snippet":"max-snippet:-1","max-image-preview":"max-image-preview:large","max-video-preview":"max-video-preview:-1"},"canonical":"https:\/\/228news.tg\/index.php\/2018\/02\/28\/exclu-avec-eric-ametsipe-president-de-la-vmb-sur-le-premier-salon-des-metiers-de-beaute-du-togo-le-made-in-africa-est-possible-si-nous-avons-la-volonte\/","og_locale":"fr_FR","og_type":"article","og_title":"Exclu avec Eric Am\u00e9tsip\u00e9, pr\u00e9sident de la VMB, sur le premier salon des m\u00e9tiers de beaut\u00e9 du Togo: \"Le made in Africa est possible si nous avons la volont\u00e9...\" - 228 News","og_description":"Du 08 au 10 mars prochain, Lom\u00e9 va vibrer au rythme du tout premier salon des m\u00e9tiers de beaut\u00e9. Initiative de la Vall\u00e9e des M\u00e9tiers de Beaut\u00e9 du Togo (VMB), ce salon dont le th\u00e8me est \u00a0\u00bb M\u00e9tiers de Beaut\u00e9 &#8211; Qualit\u00e9 des produits &#8211; la R\u00e9ussite du made in Africa\u00a0\u00bb, se veut une vitrine ... Lire la suite","og_url":"https:\/\/228news.tg\/index.php\/2018\/02\/28\/exclu-avec-eric-ametsipe-president-de-la-vmb-sur-le-premier-salon-des-metiers-de-beaute-du-togo-le-made-in-africa-est-possible-si-nous-avons-la-volonte\/","og_site_name":"228 News","article_published_time":"2018-02-28T00:00:00+00:00","og_image":[{"width":1280,"height":960,"url":"https:\/\/228news.tg\/wp-content\/uploads\/2024\/09\/photo_2018-02-21_12-46-47.jpg","type":"image\/jpeg"}],"author":"Bienvenu SAVI","twitter_card":"summary_large_image","twitter_misc":{"\u00c9crit par":"Bienvenu SAVI","Dur\u00e9e de lecture estim\u00e9e":"3 minutes"},"schema":{"@context":"https:\/\/schema.org","@graph":[{"@type":"Article","@id":"https:\/\/228news.tg\/index.php\/2018\/02\/28\/exclu-avec-eric-ametsipe-president-de-la-vmb-sur-le-premier-salon-des-metiers-de-beaute-du-togo-le-made-in-africa-est-possible-si-nous-avons-la-volonte\/#article","isPartOf":{"@id":"https:\/\/228news.tg\/index.php\/2018\/02\/28\/exclu-avec-eric-ametsipe-president-de-la-vmb-sur-le-premier-salon-des-metiers-de-beaute-du-togo-le-made-in-africa-est-possible-si-nous-avons-la-volonte\/"},"author":{"name":"Bienvenu SAVI","@id":"https:\/\/228news.tg\/#\/schema\/person\/68d5a6cc0230290e61235c8379523f52"},"headline":"Exclu avec Eric Am\u00e9tsip\u00e9, pr\u00e9sident de la VMB, sur le premier salon des m\u00e9tiers de beaut\u00e9 du Togo: \u00ab\u00a0Le made in Africa est possible si nous avons la volont\u00e9&#8230;\u00a0\u00bb","datePublished":"2018-02-28T00:00:00+00:00","mainEntityOfPage":{"@id":"https:\/\/228news.tg\/index.php\/2018\/02\/28\/exclu-avec-eric-ametsipe-president-de-la-vmb-sur-le-premier-salon-des-metiers-de-beaute-du-togo-le-made-in-africa-est-possible-si-nous-avons-la-volonte\/"},"wordCount":655,"commentCount":0,"publisher":{"@id":"https:\/\/228news.tg\/#organization"},"image":{"@id":"https:\/\/228news.tg\/index.php\/2018\/02\/28\/exclu-avec-eric-ametsipe-president-de-la-vmb-sur-le-premier-salon-des-metiers-de-beaute-du-togo-le-made-in-africa-est-possible-si-nous-avons-la-volonte\/#primaryimage"},"thumbnailUrl":"https:\/\/228news.tg\/wp-content\/uploads\/2024\/09\/photo_2018-02-21_12-46-47.jpg","articleSection":["DEVELOPPEMENT","Flash","TOGO","Une"],"inLanguage":"fr-FR","potentialAction":[{"@type":"CommentAction","name":"Comment","target":["https:\/\/228news.tg\/index.php\/2018\/02\/28\/exclu-avec-eric-ametsipe-president-de-la-vmb-sur-le-premier-salon-des-metiers-de-beaute-du-togo-le-made-in-africa-est-possible-si-nous-avons-la-volonte\/#respond"]}]},{"@type":"WebPage","@id":"https:\/\/228news.tg\/index.php\/2018\/02\/28\/exclu-avec-eric-ametsipe-president-de-la-vmb-sur-le-premier-salon-des-metiers-de-beaute-du-togo-le-made-in-africa-est-possible-si-nous-avons-la-volonte\/","url":"https:\/\/228news.tg\/index.php\/2018\/02\/28\/exclu-avec-eric-ametsipe-president-de-la-vmb-sur-le-premier-salon-des-metiers-de-beaute-du-togo-le-made-in-africa-est-possible-si-nous-avons-la-volonte\/","name":"Exclu avec Eric Am\u00e9tsip\u00e9, pr\u00e9sident de la VMB, sur le premier salon des m\u00e9tiers de beaut\u00e9 du Togo: \"Le made in Africa est possible si nous avons la volont\u00e9...\" - 228 News","isPartOf":{"@id":"https:\/\/228news.tg\/#website"},"primaryImageOfPage":{"@id":"https:\/\/228news.tg\/index.php\/2018\/02\/28\/exclu-avec-eric-ametsipe-president-de-la-vmb-sur-le-premier-salon-des-metiers-de-beaute-du-togo-le-made-in-africa-est-possible-si-nous-avons-la-volonte\/#primaryimage"},"image":{"@id":"https:\/\/228news.tg\/index.php\/2018\/02\/28\/exclu-avec-eric-ametsipe-president-de-la-vmb-sur-le-premier-salon-des-metiers-de-beaute-du-togo-le-made-in-africa-est-possible-si-nous-avons-la-volonte\/#primaryimage"},"thumbnailUrl":"https:\/\/228news.tg\/wp-content\/uploads\/2024\/09\/photo_2018-02-21_12-46-47.jpg","datePublished":"2018-02-28T00:00:00+00:00","breadcrumb":{"@id":"https:\/\/228news.tg\/index.php\/2018\/02\/28\/exclu-avec-eric-ametsipe-president-de-la-vmb-sur-le-premier-salon-des-metiers-de-beaute-du-togo-le-made-in-africa-est-possible-si-nous-avons-la-volonte\/#breadcrumb"},"inLanguage":"fr-FR","potentialAction":[{"@type":"ReadAction","target":["https:\/\/228news.tg\/index.php\/2018\/02\/28\/exclu-avec-eric-ametsipe-president-de-la-vmb-sur-le-premier-salon-des-metiers-de-beaute-du-togo-le-made-in-africa-est-possible-si-nous-avons-la-volonte\/"]}]},{"@type":"ImageObject","inLanguage":"fr-FR","@id":"https:\/\/228news.tg\/index.php\/2018\/02\/28\/exclu-avec-eric-ametsipe-president-de-la-vmb-sur-le-premier-salon-des-metiers-de-beaute-du-togo-le-made-in-africa-est-possible-si-nous-avons-la-volonte\/#primaryimage","url":"https:\/\/228news.tg\/wp-content\/uploads\/2024\/09\/photo_2018-02-21_12-46-47.jpg","contentUrl":"https:\/\/228news.tg\/wp-content\/uploads\/2024\/09\/photo_2018-02-21_12-46-47.jpg","width":1280,"height":960},{"@type":"BreadcrumbList","@id":"https:\/\/228news.tg\/index.php\/2018\/02\/28\/exclu-avec-eric-ametsipe-president-de-la-vmb-sur-le-premier-salon-des-metiers-de-beaute-du-togo-le-made-in-africa-est-possible-si-nous-avons-la-volonte\/#breadcrumb","itemListElement":[{"@type":"ListItem","position":1,"name":"Home","item":"https:\/\/228news.tg\/"},{"@type":"ListItem","position":2,"name":"Exclu avec Eric Am\u00e9tsip\u00e9, pr\u00e9sident de la VMB, sur le premier salon des m\u00e9tiers de beaut\u00e9 du Togo: \u00ab\u00a0Le made in Africa est possible si nous avons la volont\u00e9&#8230;\u00a0\u00bb"}]},{"@type":"WebSite","@id":"https:\/\/228news.tg\/#website","url":"https:\/\/228news.tg\/","name":"228 News","description":"Soci\u00e9t\u00e9 de m\u00e9dias et d\u2019actualit\u00e9s","publisher":{"@id":"https:\/\/228news.tg\/#organization"},"potentialAction":[{"@type":"SearchAction","target":{"@type":"EntryPoint","urlTemplate":"https:\/\/228news.tg\/?s={search_term_string}"},"query-input":{"@type":"PropertyValueSpecification","valueRequired":true,"valueName":"search_term_string"}}],"inLanguage":"fr-FR"},{"@type":"Organization","@id":"https:\/\/228news.tg\/#organization","name":"228 News","url":"https:\/\/228news.tg\/","logo":{"@type":"ImageObject","inLanguage":"fr-FR","@id":"https:\/\/228news.tg\/#\/schema\/logo\/image\/","url":"https:\/\/228news.tg\/wp-content\/uploads\/2024\/09\/logonew.png","contentUrl":"https:\/\/228news.tg\/wp-content\/uploads\/2024\/09\/logonew.png","width":1640,"height":364,"caption":"228 News"},"image":{"@id":"https:\/\/228news.tg\/#\/schema\/logo\/image\/"}},{"@type":"Person","@id":"https:\/\/228news.tg\/#\/schema\/person\/68d5a6cc0230290e61235c8379523f52","name":"Bienvenu SAVI","image":{"@type":"ImageObject","inLanguage":"fr-FR","@id":"https:\/\/228news.tg\/#\/schema\/person\/image\/","url":"https:\/\/secure.gravatar.com\/avatar\/9db91895c559e510509c33a3e9683998458e9b828fac36d5d1aa23f0f2fd369b?s=96&d=mm&r=g","contentUrl":"https:\/\/secure.gravatar.com\/avatar\/9db91895c559e510509c33a3e9683998458e9b828fac36d5d1aa23f0f2fd369b?s=96&d=mm&r=g","caption":"Bienvenu SAVI"},"url":"https:\/\/228news.tg\/index.php\/author\/bienvenu\/"}]}},"jetpack_featured_media_url":"https:\/\/228news.tg\/wp-content\/uploads\/2024\/09\/photo_2018-02-21_12-46-47.jpg","_links":{"self":[{"href":"https:\/\/228news.tg\/index.php\/wp-json\/wp\/v2\/posts\/1219","targetHints":{"allow":["GET"]}}],"collection":[{"href":"https:\/\/228news.tg\/index.php\/wp-json\/wp\/v2\/posts"}],"about":[{"href":"https:\/\/228news.tg\/index.php\/wp-json\/wp\/v2\/types\/post"}],"author":[{"embeddable":true,"href":"https:\/\/228news.tg\/index.php\/wp-json\/wp\/v2\/users\/2"}],"replies":[{"embeddable":true,"href":"https:\/\/228news.tg\/index.php\/wp-json\/wp\/v2\/comments?post=1219"}],"version-history":[{"count":0,"href":"https:\/\/228news.tg\/index.php\/wp-json\/wp\/v2\/posts\/1219\/revisions"}],"wp:featuredmedia":[{"embeddable":true,"href":"https:\/\/228news.tg\/index.php\/wp-json\/wp\/v2\/media\/1220"}],"wp:attachment":[{"href":"https:\/\/228news.tg\/index.php\/wp-json\/wp\/v2\/media?parent=1219"}],"wp:term":[{"taxonomy":"category","embeddable":true,"href":"https:\/\/228news.tg\/index.php\/wp-json\/wp\/v2\/categories?post=1219"},{"taxonomy":"post_tag","embeddable":true,"href":"https:\/\/228news.tg\/index.php\/wp-json\/wp\/v2\/tags?post=1219"}],"curies":[{"name":"wp","href":"https:\/\/api.w.org\/{rel}","templated":true}]}}