{"id":1169,"date":"2018-02-07T00:00:00","date_gmt":"2018-02-07T00:00:00","guid":{"rendered":"https:\/\/228news.tg\/index.php\/2018\/02\/07\/commerce-multilateral-les-prescriptions-en-matiere-de-notification-au-coeur-dun-seminaire\/"},"modified":"2018-02-07T00:00:00","modified_gmt":"2018-02-07T00:00:00","slug":"commerce-multilateral-les-prescriptions-en-matiere-de-notification-au-coeur-dun-seminaire","status":"publish","type":"post","link":"https:\/\/228news.tg\/index.php\/2018\/02\/07\/commerce-multilateral-les-prescriptions-en-matiere-de-notification-au-coeur-dun-seminaire\/","title":{"rendered":"Commerce multilat\u00e9ral: Les prescriptions en mati\u00e8re de notification au c\u0153ur d&rsquo;un s\u00e9minaire"},"content":{"rendered":"<p>Le minist\u00e8re du commerce et de la promotion du secteur priv\u00e9 tient depuis ce mardi 06 f\u00e9vrier un atelier sur les prescriptions en mati\u00e8re de notification dans la capitale togolaise.<\/p>\n<p>Cette rencontre anim\u00e9e par deux experts de l&rsquo;Organisation Mondiale du Commerce (OMC), vise \u00e0 permettre au Togo de constituer une masse critique de ressources humaines capables de lui permettre de s&rsquo;acquitter de ses obligations en mati\u00e8re de notification.<\/p>\n<p>En cela, cet atelier de trois jours constitue un cr\u00e9neau d&rsquo;information pour les acteurs publics togolais de cette cha\u00eene de valeur, sur le processus de notification, la compr\u00e9hension du niveau d&rsquo;implication des uns et des autres.<\/p>\n<p>Il s&rsquo;agit pour Mme Attanasso Ernestine, Conseill\u00e8re en politique commerciale, repr\u00e9sentant la ministre du commerce et de la promotion du secteur priv\u00e9, de faire en sorte que ces acteurs, sollicit\u00e9s, contribuent efficacement \u00e0 la mise en oeuvre de cette importante exigence.<\/p>\n<p>\u00ab\u00a0Vous comprenez l&rsquo;importance qui doit \u00eatre accord\u00e9e \u00e0 la notification qui participe \u00e0 la pr\u00e9visibilit\u00e9 et \u00e0 la transparence. Cela ne pouvait en \u00eatre autrement car aucun op\u00e9rateur \u00e9conomique n&rsquo;aimerait investir dans un environnement dont il n&rsquo;a pas d&rsquo;avance connaissance des r\u00e8gles qui r\u00e9gissent les affaires\u00a0\u00bb, a-t-elle d\u00e9clar\u00e9.<\/p>\n<p>Pour sa part Aim\u00e9 Murigande, chef Coop\u00e9ration Commerciale de l&rsquo;Afrique Francophone de l&rsquo;OMC a pr\u00e9cis\u00e9 que la surveillance des politiques commerciales nationales est une activit\u00e9 d&rsquo;un importance fondamentale pour l&rsquo;OMC, un point reconnu par les pays membres lors de la derni\u00e8re \u00e9valuation du M\u00e9canisme d&rsquo;Examen de Politique Commerciale, que le Togo a men\u00e9 avec succ\u00e8s.<\/p>\n<p>\u00ab\u00a0La transparence est essentielle dans tous les domaines d&rsquo;activit\u00e9s de l&rsquo;OMC. Elle est vitale pour assurer la pr\u00e9visibilit\u00e9 et la stabilit\u00e9 du syst\u00e8me commercial multilat\u00e9ral\u00a0\u00bb, a-t-il conclu.<\/p>\n<p>Chaque ann\u00e9e, l&rsquo;OMC re\u00e7oit plus de 3500 notifications OTC et SPC pr\u00e9sentant de nouvelles mesures susceptible d&rsquo;influer sur le commerce international. Afin d&rsquo;assurer une facile accessibilit\u00e9 \u00e0 ces mesures, l&rsquo;organisation mondiale a cr\u00e9e l&rsquo;ePing, qui permet aux utilisateurs de recevoir par courriel des alertes quotidiennes ou hebdomadaires concernant ces notifications pour les produits et les march\u00e9s qui les int\u00e9ressent.<\/p>\n<p><em><strong>D\u00e9mocrate<\/strong><\/em><\/p>\n<p><em><strong>(00228) 91 85 40 14<\/strong><\/em><\/p>\n<p><em><strong>98 60 67 68<\/strong><\/em><\/p>\n<p><em><strong>democrate2010@gmail.com<\/strong><\/em><\/p>\n","protected":false},"excerpt":{"rendered":"<p>Le minist\u00e8re du commerce et de la promotion du secteur priv\u00e9 tient depuis ce mardi 06 f\u00e9vrier un atelier sur les prescriptions en mati\u00e8re de notification dans la capitale togolaise. Cette rencontre anim\u00e9e par deux experts de l&rsquo;Organisation Mondiale du Commerce (OMC), vise \u00e0 permettre au Togo de constituer une masse critique de ressources humaines &#8230; <a title=\"Commerce multilat\u00e9ral: Les prescriptions en mati\u00e8re de notification au c\u0153ur d&rsquo;un s\u00e9minaire\" class=\"read-more\" href=\"https:\/\/228news.tg\/index.php\/2018\/02\/07\/commerce-multilateral-les-prescriptions-en-matiere-de-notification-au-coeur-dun-seminaire\/\" aria-label=\"En savoir plus sur Commerce multilat\u00e9ral: Les prescriptions en mati\u00e8re de notification au c\u0153ur d&rsquo;un s\u00e9minaire\">Lire la suite<\/a><\/p>\n","protected":false},"author":2,"featured_media":1170,"comment_status":"open","ping_status":"open","sticky":false,"template":"","format":"standard","meta":{"footnotes":""},"categories":[30,35,25,34],"tags":[],"class_list":["post-1169","post","type-post","status-publish","format-standard","has-post-thumbnail","hentry","category-economie","category-flash","category-togo","category-une"],"yoast_head":"<!-- This site is optimized with the Yoast SEO plugin v26.4 - https:\/\/yoast.com\/wordpress\/plugins\/seo\/ -->\n<title>Commerce multilat\u00e9ral: Les prescriptions en mati\u00e8re de notification au c\u0153ur d&#039;un s\u00e9minaire - 228 News<\/title>\n<meta name=\"robots\" content=\"index, follow, max-snippet:-1, max-image-preview:large, max-video-preview:-1\" \/>\n<link rel=\"canonical\" href=\"https:\/\/228news.tg\/index.php\/2018\/02\/07\/commerce-multilateral-les-prescriptions-en-matiere-de-notification-au-coeur-dun-seminaire\/\" \/>\n<meta property=\"og:locale\" content=\"fr_FR\" \/>\n<meta property=\"og:type\" content=\"article\" \/>\n<meta property=\"og:title\" content=\"Commerce multilat\u00e9ral: Les prescriptions en mati\u00e8re de notification au c\u0153ur d&#039;un s\u00e9minaire - 228 News\" \/>\n<meta property=\"og:description\" content=\"Le minist\u00e8re du commerce et de la promotion du secteur priv\u00e9 tient depuis ce mardi 06 f\u00e9vrier un atelier sur les prescriptions en mati\u00e8re de notification dans la capitale togolaise. Cette rencontre anim\u00e9e par deux experts de l&rsquo;Organisation Mondiale du Commerce (OMC), vise \u00e0 permettre au Togo de constituer une masse critique de ressources humaines ... Lire la suite\" \/>\n<meta property=\"og:url\" content=\"https:\/\/228news.tg\/index.php\/2018\/02\/07\/commerce-multilateral-les-prescriptions-en-matiere-de-notification-au-coeur-dun-seminaire\/\" \/>\n<meta property=\"og:site_name\" content=\"228 News\" \/>\n<meta property=\"article:published_time\" content=\"2018-02-07T00:00:00+00:00\" \/>\n<meta property=\"og:image\" content=\"https:\/\/228news.tg\/wp-content\/uploads\/2024\/09\/photo_2018-02-07_08-40-23.jpg\" \/>\n\t<meta property=\"og:image:width\" content=\"1080\" \/>\n\t<meta property=\"og:image:height\" content=\"810\" \/>\n\t<meta property=\"og:image:type\" content=\"image\/jpeg\" \/>\n<meta name=\"author\" content=\"Bienvenu SAVI\" \/>\n<meta name=\"twitter:card\" content=\"summary_large_image\" \/>\n<meta name=\"twitter:label1\" content=\"\u00c9crit par\" \/>\n\t<meta name=\"twitter:data1\" content=\"Bienvenu SAVI\" \/>\n\t<meta name=\"twitter:label2\" content=\"Dur\u00e9e de lecture estim\u00e9e\" \/>\n\t<meta name=\"twitter:data2\" content=\"2 minutes\" \/>\n<script type=\"application\/ld+json\" class=\"yoast-schema-graph\">{\"@context\":\"https:\/\/schema.org\",\"@graph\":[{\"@type\":\"Article\",\"@id\":\"https:\/\/228news.tg\/index.php\/2018\/02\/07\/commerce-multilateral-les-prescriptions-en-matiere-de-notification-au-coeur-dun-seminaire\/#article\",\"isPartOf\":{\"@id\":\"https:\/\/228news.tg\/index.php\/2018\/02\/07\/commerce-multilateral-les-prescriptions-en-matiere-de-notification-au-coeur-dun-seminaire\/\"},\"author\":{\"name\":\"Bienvenu SAVI\",\"@id\":\"https:\/\/228news.tg\/#\/schema\/person\/68d5a6cc0230290e61235c8379523f52\"},\"headline\":\"Commerce multilat\u00e9ral: Les prescriptions en mati\u00e8re de notification au c\u0153ur d&rsquo;un s\u00e9minaire\",\"datePublished\":\"2018-02-07T00:00:00+00:00\",\"mainEntityOfPage\":{\"@id\":\"https:\/\/228news.tg\/index.php\/2018\/02\/07\/commerce-multilateral-les-prescriptions-en-matiere-de-notification-au-coeur-dun-seminaire\/\"},\"wordCount\":401,\"commentCount\":0,\"publisher\":{\"@id\":\"https:\/\/228news.tg\/#organization\"},\"image\":{\"@id\":\"https:\/\/228news.tg\/index.php\/2018\/02\/07\/commerce-multilateral-les-prescriptions-en-matiere-de-notification-au-coeur-dun-seminaire\/#primaryimage\"},\"thumbnailUrl\":\"https:\/\/228news.tg\/wp-content\/uploads\/2024\/09\/photo_2018-02-07_08-40-23.jpg\",\"articleSection\":[\"ECONOMIE\",\"Flash\",\"TOGO\",\"Une\"],\"inLanguage\":\"fr-FR\",\"potentialAction\":[{\"@type\":\"CommentAction\",\"name\":\"Comment\",\"target\":[\"https:\/\/228news.tg\/index.php\/2018\/02\/07\/commerce-multilateral-les-prescriptions-en-matiere-de-notification-au-coeur-dun-seminaire\/#respond\"]}]},{\"@type\":\"WebPage\",\"@id\":\"https:\/\/228news.tg\/index.php\/2018\/02\/07\/commerce-multilateral-les-prescriptions-en-matiere-de-notification-au-coeur-dun-seminaire\/\",\"url\":\"https:\/\/228news.tg\/index.php\/2018\/02\/07\/commerce-multilateral-les-prescriptions-en-matiere-de-notification-au-coeur-dun-seminaire\/\",\"name\":\"Commerce multilat\u00e9ral: Les prescriptions en mati\u00e8re de notification au c\u0153ur d'un s\u00e9minaire - 228 News\",\"isPartOf\":{\"@id\":\"https:\/\/228news.tg\/#website\"},\"primaryImageOfPage\":{\"@id\":\"https:\/\/228news.tg\/index.php\/2018\/02\/07\/commerce-multilateral-les-prescriptions-en-matiere-de-notification-au-coeur-dun-seminaire\/#primaryimage\"},\"image\":{\"@id\":\"https:\/\/228news.tg\/index.php\/2018\/02\/07\/commerce-multilateral-les-prescriptions-en-matiere-de-notification-au-coeur-dun-seminaire\/#primaryimage\"},\"thumbnailUrl\":\"https:\/\/228news.tg\/wp-content\/uploads\/2024\/09\/photo_2018-02-07_08-40-23.jpg\",\"datePublished\":\"2018-02-07T00:00:00+00:00\",\"breadcrumb\":{\"@id\":\"https:\/\/228news.tg\/index.php\/2018\/02\/07\/commerce-multilateral-les-prescriptions-en-matiere-de-notification-au-coeur-dun-seminaire\/#breadcrumb\"},\"inLanguage\":\"fr-FR\",\"potentialAction\":[{\"@type\":\"ReadAction\",\"target\":[\"https:\/\/228news.tg\/index.php\/2018\/02\/07\/commerce-multilateral-les-prescriptions-en-matiere-de-notification-au-coeur-dun-seminaire\/\"]}]},{\"@type\":\"ImageObject\",\"inLanguage\":\"fr-FR\",\"@id\":\"https:\/\/228news.tg\/index.php\/2018\/02\/07\/commerce-multilateral-les-prescriptions-en-matiere-de-notification-au-coeur-dun-seminaire\/#primaryimage\",\"url\":\"https:\/\/228news.tg\/wp-content\/uploads\/2024\/09\/photo_2018-02-07_08-40-23.jpg\",\"contentUrl\":\"https:\/\/228news.tg\/wp-content\/uploads\/2024\/09\/photo_2018-02-07_08-40-23.jpg\",\"width\":1080,\"height\":810},{\"@type\":\"BreadcrumbList\",\"@id\":\"https:\/\/228news.tg\/index.php\/2018\/02\/07\/commerce-multilateral-les-prescriptions-en-matiere-de-notification-au-coeur-dun-seminaire\/#breadcrumb\",\"itemListElement\":[{\"@type\":\"ListItem\",\"position\":1,\"name\":\"Home\",\"item\":\"https:\/\/228news.tg\/\"},{\"@type\":\"ListItem\",\"position\":2,\"name\":\"Commerce multilat\u00e9ral: Les prescriptions en mati\u00e8re de notification au c\u0153ur d&rsquo;un s\u00e9minaire\"}]},{\"@type\":\"WebSite\",\"@id\":\"https:\/\/228news.tg\/#website\",\"url\":\"https:\/\/228news.tg\/\",\"name\":\"228 News\",\"description\":\"Soci\u00e9t\u00e9 de m\u00e9dias et d\u2019actualit\u00e9s\",\"publisher\":{\"@id\":\"https:\/\/228news.tg\/#organization\"},\"potentialAction\":[{\"@type\":\"SearchAction\",\"target\":{\"@type\":\"EntryPoint\",\"urlTemplate\":\"https:\/\/228news.tg\/?s={search_term_string}\"},\"query-input\":{\"@type\":\"PropertyValueSpecification\",\"valueRequired\":true,\"valueName\":\"search_term_string\"}}],\"inLanguage\":\"fr-FR\"},{\"@type\":\"Organization\",\"@id\":\"https:\/\/228news.tg\/#organization\",\"name\":\"228 News\",\"url\":\"https:\/\/228news.tg\/\",\"logo\":{\"@type\":\"ImageObject\",\"inLanguage\":\"fr-FR\",\"@id\":\"https:\/\/228news.tg\/#\/schema\/logo\/image\/\",\"url\":\"https:\/\/228news.tg\/wp-content\/uploads\/2024\/09\/logonew.png\",\"contentUrl\":\"https:\/\/228news.tg\/wp-content\/uploads\/2024\/09\/logonew.png\",\"width\":1640,\"height\":364,\"caption\":\"228 News\"},\"image\":{\"@id\":\"https:\/\/228news.tg\/#\/schema\/logo\/image\/\"}},{\"@type\":\"Person\",\"@id\":\"https:\/\/228news.tg\/#\/schema\/person\/68d5a6cc0230290e61235c8379523f52\",\"name\":\"Bienvenu SAVI\",\"image\":{\"@type\":\"ImageObject\",\"inLanguage\":\"fr-FR\",\"@id\":\"https:\/\/228news.tg\/#\/schema\/person\/image\/\",\"url\":\"https:\/\/secure.gravatar.com\/avatar\/9db91895c559e510509c33a3e9683998458e9b828fac36d5d1aa23f0f2fd369b?s=96&d=mm&r=g\",\"contentUrl\":\"https:\/\/secure.gravatar.com\/avatar\/9db91895c559e510509c33a3e9683998458e9b828fac36d5d1aa23f0f2fd369b?s=96&d=mm&r=g\",\"caption\":\"Bienvenu SAVI\"},\"url\":\"https:\/\/228news.tg\/index.php\/author\/bienvenu\/\"}]}<\/script>\n<!-- \/ Yoast SEO plugin. -->","yoast_head_json":{"title":"Commerce multilat\u00e9ral: Les prescriptions en mati\u00e8re de notification au c\u0153ur d'un s\u00e9minaire - 228 News","robots":{"index":"index","follow":"follow","max-snippet":"max-snippet:-1","max-image-preview":"max-image-preview:large","max-video-preview":"max-video-preview:-1"},"canonical":"https:\/\/228news.tg\/index.php\/2018\/02\/07\/commerce-multilateral-les-prescriptions-en-matiere-de-notification-au-coeur-dun-seminaire\/","og_locale":"fr_FR","og_type":"article","og_title":"Commerce multilat\u00e9ral: Les prescriptions en mati\u00e8re de notification au c\u0153ur d'un s\u00e9minaire - 228 News","og_description":"Le minist\u00e8re du commerce et de la promotion du secteur priv\u00e9 tient depuis ce mardi 06 f\u00e9vrier un atelier sur les prescriptions en mati\u00e8re de notification dans la capitale togolaise. Cette rencontre anim\u00e9e par deux experts de l&rsquo;Organisation Mondiale du Commerce (OMC), vise \u00e0 permettre au Togo de constituer une masse critique de ressources humaines ... Lire la suite","og_url":"https:\/\/228news.tg\/index.php\/2018\/02\/07\/commerce-multilateral-les-prescriptions-en-matiere-de-notification-au-coeur-dun-seminaire\/","og_site_name":"228 News","article_published_time":"2018-02-07T00:00:00+00:00","og_image":[{"width":1080,"height":810,"url":"https:\/\/228news.tg\/wp-content\/uploads\/2024\/09\/photo_2018-02-07_08-40-23.jpg","type":"image\/jpeg"}],"author":"Bienvenu SAVI","twitter_card":"summary_large_image","twitter_misc":{"\u00c9crit par":"Bienvenu SAVI","Dur\u00e9e de lecture estim\u00e9e":"2 minutes"},"schema":{"@context":"https:\/\/schema.org","@graph":[{"@type":"Article","@id":"https:\/\/228news.tg\/index.php\/2018\/02\/07\/commerce-multilateral-les-prescriptions-en-matiere-de-notification-au-coeur-dun-seminaire\/#article","isPartOf":{"@id":"https:\/\/228news.tg\/index.php\/2018\/02\/07\/commerce-multilateral-les-prescriptions-en-matiere-de-notification-au-coeur-dun-seminaire\/"},"author":{"name":"Bienvenu SAVI","@id":"https:\/\/228news.tg\/#\/schema\/person\/68d5a6cc0230290e61235c8379523f52"},"headline":"Commerce multilat\u00e9ral: Les prescriptions en mati\u00e8re de notification au c\u0153ur d&rsquo;un s\u00e9minaire","datePublished":"2018-02-07T00:00:00+00:00","mainEntityOfPage":{"@id":"https:\/\/228news.tg\/index.php\/2018\/02\/07\/commerce-multilateral-les-prescriptions-en-matiere-de-notification-au-coeur-dun-seminaire\/"},"wordCount":401,"commentCount":0,"publisher":{"@id":"https:\/\/228news.tg\/#organization"},"image":{"@id":"https:\/\/228news.tg\/index.php\/2018\/02\/07\/commerce-multilateral-les-prescriptions-en-matiere-de-notification-au-coeur-dun-seminaire\/#primaryimage"},"thumbnailUrl":"https:\/\/228news.tg\/wp-content\/uploads\/2024\/09\/photo_2018-02-07_08-40-23.jpg","articleSection":["ECONOMIE","Flash","TOGO","Une"],"inLanguage":"fr-FR","potentialAction":[{"@type":"CommentAction","name":"Comment","target":["https:\/\/228news.tg\/index.php\/2018\/02\/07\/commerce-multilateral-les-prescriptions-en-matiere-de-notification-au-coeur-dun-seminaire\/#respond"]}]},{"@type":"WebPage","@id":"https:\/\/228news.tg\/index.php\/2018\/02\/07\/commerce-multilateral-les-prescriptions-en-matiere-de-notification-au-coeur-dun-seminaire\/","url":"https:\/\/228news.tg\/index.php\/2018\/02\/07\/commerce-multilateral-les-prescriptions-en-matiere-de-notification-au-coeur-dun-seminaire\/","name":"Commerce multilat\u00e9ral: Les prescriptions en mati\u00e8re de notification au c\u0153ur d'un s\u00e9minaire - 228 News","isPartOf":{"@id":"https:\/\/228news.tg\/#website"},"primaryImageOfPage":{"@id":"https:\/\/228news.tg\/index.php\/2018\/02\/07\/commerce-multilateral-les-prescriptions-en-matiere-de-notification-au-coeur-dun-seminaire\/#primaryimage"},"image":{"@id":"https:\/\/228news.tg\/index.php\/2018\/02\/07\/commerce-multilateral-les-prescriptions-en-matiere-de-notification-au-coeur-dun-seminaire\/#primaryimage"},"thumbnailUrl":"https:\/\/228news.tg\/wp-content\/uploads\/2024\/09\/photo_2018-02-07_08-40-23.jpg","datePublished":"2018-02-07T00:00:00+00:00","breadcrumb":{"@id":"https:\/\/228news.tg\/index.php\/2018\/02\/07\/commerce-multilateral-les-prescriptions-en-matiere-de-notification-au-coeur-dun-seminaire\/#breadcrumb"},"inLanguage":"fr-FR","potentialAction":[{"@type":"ReadAction","target":["https:\/\/228news.tg\/index.php\/2018\/02\/07\/commerce-multilateral-les-prescriptions-en-matiere-de-notification-au-coeur-dun-seminaire\/"]}]},{"@type":"ImageObject","inLanguage":"fr-FR","@id":"https:\/\/228news.tg\/index.php\/2018\/02\/07\/commerce-multilateral-les-prescriptions-en-matiere-de-notification-au-coeur-dun-seminaire\/#primaryimage","url":"https:\/\/228news.tg\/wp-content\/uploads\/2024\/09\/photo_2018-02-07_08-40-23.jpg","contentUrl":"https:\/\/228news.tg\/wp-content\/uploads\/2024\/09\/photo_2018-02-07_08-40-23.jpg","width":1080,"height":810},{"@type":"BreadcrumbList","@id":"https:\/\/228news.tg\/index.php\/2018\/02\/07\/commerce-multilateral-les-prescriptions-en-matiere-de-notification-au-coeur-dun-seminaire\/#breadcrumb","itemListElement":[{"@type":"ListItem","position":1,"name":"Home","item":"https:\/\/228news.tg\/"},{"@type":"ListItem","position":2,"name":"Commerce multilat\u00e9ral: Les prescriptions en mati\u00e8re de notification au c\u0153ur d&rsquo;un s\u00e9minaire"}]},{"@type":"WebSite","@id":"https:\/\/228news.tg\/#website","url":"https:\/\/228news.tg\/","name":"228 News","description":"Soci\u00e9t\u00e9 de m\u00e9dias et d\u2019actualit\u00e9s","publisher":{"@id":"https:\/\/228news.tg\/#organization"},"potentialAction":[{"@type":"SearchAction","target":{"@type":"EntryPoint","urlTemplate":"https:\/\/228news.tg\/?s={search_term_string}"},"query-input":{"@type":"PropertyValueSpecification","valueRequired":true,"valueName":"search_term_string"}}],"inLanguage":"fr-FR"},{"@type":"Organization","@id":"https:\/\/228news.tg\/#organization","name":"228 News","url":"https:\/\/228news.tg\/","logo":{"@type":"ImageObject","inLanguage":"fr-FR","@id":"https:\/\/228news.tg\/#\/schema\/logo\/image\/","url":"https:\/\/228news.tg\/wp-content\/uploads\/2024\/09\/logonew.png","contentUrl":"https:\/\/228news.tg\/wp-content\/uploads\/2024\/09\/logonew.png","width":1640,"height":364,"caption":"228 News"},"image":{"@id":"https:\/\/228news.tg\/#\/schema\/logo\/image\/"}},{"@type":"Person","@id":"https:\/\/228news.tg\/#\/schema\/person\/68d5a6cc0230290e61235c8379523f52","name":"Bienvenu SAVI","image":{"@type":"ImageObject","inLanguage":"fr-FR","@id":"https:\/\/228news.tg\/#\/schema\/person\/image\/","url":"https:\/\/secure.gravatar.com\/avatar\/9db91895c559e510509c33a3e9683998458e9b828fac36d5d1aa23f0f2fd369b?s=96&d=mm&r=g","contentUrl":"https:\/\/secure.gravatar.com\/avatar\/9db91895c559e510509c33a3e9683998458e9b828fac36d5d1aa23f0f2fd369b?s=96&d=mm&r=g","caption":"Bienvenu SAVI"},"url":"https:\/\/228news.tg\/index.php\/author\/bienvenu\/"}]}},"jetpack_featured_media_url":"https:\/\/228news.tg\/wp-content\/uploads\/2024\/09\/photo_2018-02-07_08-40-23.jpg","_links":{"self":[{"href":"https:\/\/228news.tg\/index.php\/wp-json\/wp\/v2\/posts\/1169","targetHints":{"allow":["GET"]}}],"collection":[{"href":"https:\/\/228news.tg\/index.php\/wp-json\/wp\/v2\/posts"}],"about":[{"href":"https:\/\/228news.tg\/index.php\/wp-json\/wp\/v2\/types\/post"}],"author":[{"embeddable":true,"href":"https:\/\/228news.tg\/index.php\/wp-json\/wp\/v2\/users\/2"}],"replies":[{"embeddable":true,"href":"https:\/\/228news.tg\/index.php\/wp-json\/wp\/v2\/comments?post=1169"}],"version-history":[{"count":0,"href":"https:\/\/228news.tg\/index.php\/wp-json\/wp\/v2\/posts\/1169\/revisions"}],"wp:featuredmedia":[{"embeddable":true,"href":"https:\/\/228news.tg\/index.php\/wp-json\/wp\/v2\/media\/1170"}],"wp:attachment":[{"href":"https:\/\/228news.tg\/index.php\/wp-json\/wp\/v2\/media?parent=1169"}],"wp:term":[{"taxonomy":"category","embeddable":true,"href":"https:\/\/228news.tg\/index.php\/wp-json\/wp\/v2\/categories?post=1169"},{"taxonomy":"post_tag","embeddable":true,"href":"https:\/\/228news.tg\/index.php\/wp-json\/wp\/v2\/tags?post=1169"}],"curies":[{"name":"wp","href":"https:\/\/api.w.org\/{rel}","templated":true}]}}