{"id":1153,"date":"2018-02-01T00:00:00","date_gmt":"2018-02-01T00:00:00","guid":{"rendered":"https:\/\/228news.tg\/index.php\/2018\/02\/01\/contribution-du-secteur-forestier-a-leconomie-du-togo-letude-sur-lanalyse-socio-economique-validee-ce-vendredi\/"},"modified":"2018-02-01T00:00:00","modified_gmt":"2018-02-01T00:00:00","slug":"contribution-du-secteur-forestier-a-leconomie-du-togo-letude-sur-lanalyse-socio-economique-validee-ce-vendredi","status":"publish","type":"post","link":"https:\/\/228news.tg\/index.php\/2018\/02\/01\/contribution-du-secteur-forestier-a-leconomie-du-togo-letude-sur-lanalyse-socio-economique-validee-ce-vendredi\/","title":{"rendered":"Contribution du secteur forestier \u00e0 l\u2019\u00e9conomie du Togo: Une \u00e9tude valid\u00e9e ce vendredi"},"content":{"rendered":"<p>La coordination au REDD+ tient ce vendredi 02 f\u00e9vrier 2017 un\u00a0atelier national dans la capitale togolaise.\u00a0Il s&rsquo;agira pour la soixantaine d&rsquo;acteurs qui seront r\u00e9unis au cours de cette journ\u00e9e d&rsquo;analyser, d&rsquo;am\u00e9liorer et et de valider le rapport de la mission relative \u00e0 l\u2019\u00e9tude sur l\u2019analyse socio-\u00e9conomique de la contribution du secteur forestier \u00e0 l\u2019\u00e9conomie du Togo dans une approche participative.<\/p>\n<p>Concr\u00e8tement, ces diff\u00e9rents acteurs auront dans une approche participative \u00e0 partager avec les acteurs les principales conclusions de l\u2019\u00e9tude, faire une analyse critique des r\u00e9sultats obtenus avec les parties prenantes, \u00e9changer et am\u00e9liorer le contenu du rapport, formuler des recommandations et des orientations pour permettre au consultant de prendre en compte pour am\u00e9liorer le contenu du document afin d&rsquo;obtenir un consensus sur les r\u00e9sultats de l\u2019\u00e9tude et valider de fa\u00e7on participative le rapport.<\/p>\n<p>Au Togo, le secteur forestier contribue pour beaucoup au d\u00e9veloppement \u00e9conomique. Depuis le bois de chauffe, le charbon de bois, jusqu\u2019aux Produits Forestiers Non Ligneux (PFNL), les essences foresti\u00e8res entrent pour une part importante dans la vie quotidienne des populations aussi bien rurales qu\u2019urbaines. Cependant, sa contribution dans la richesse nationale reste une n\u00e9buleuse au contour mal d\u00e9fini et mal appr\u00e9ci\u00e9 dans les affectations budg\u00e9taires de l\u2019Etat. Pendant longtemps, le faible niveau de d\u00e9veloppement des statistiques sectorielles a contribu\u00e9 \u00e0 entretenir la m\u00e9connaissance du potentiel \u00e9conomique du secteur forestier au Togo.<\/p>\n<p>Dans ce cadre, le Minist\u00e8re de l\u2019Environnement et des Ressources Foresti\u00e8res (MERF), \u00e0 travers la coordination nationale du projet de soutien \u00e0 la Pr\u00e9paration \u00e0 la REDD+, a r\u00e9crut\u00e9 un consultant pour collecter et faire l\u2019analyse socio-\u00e9conomique de la contribution du secteur forestier \u00e0 l\u2019\u00e9conomie \u00a0afin qu\u2019on puisse en tenir compte dans l\u2019\u00e9laboration de la strat\u00e9gie nationale\u00a0 REDD+ du Togo. Le cabinet LMDE qui a r\u00e9alis\u00e9 la mission a d\u00e9pos\u00e9 en d\u00e9cembre 2017 le rapport provisoire.<\/p>\n<p>La strat\u00e9gie REDD+ se devant d&rsquo;\u00eatre participative et inclusive, il importe d\u2019associer les parties prenantes \u00e0 l\u2019analyse, \u00e0 l\u2019am\u00e9lioration et \u00e0 la validation dudit rapport.<\/p>\n<p><strong>228news<\/strong><\/p>\n","protected":false},"excerpt":{"rendered":"<p>La coordination au REDD+ tient ce vendredi 02 f\u00e9vrier 2017 un\u00a0atelier national dans la capitale togolaise.\u00a0Il s&rsquo;agira pour la soixantaine d&rsquo;acteurs qui seront r\u00e9unis au cours de cette journ\u00e9e d&rsquo;analyser, d&rsquo;am\u00e9liorer et et de valider le rapport de la mission relative \u00e0 l\u2019\u00e9tude sur l\u2019analyse socio-\u00e9conomique de la contribution du secteur forestier \u00e0 l\u2019\u00e9conomie du &#8230; <a title=\"Contribution du secteur forestier \u00e0 l\u2019\u00e9conomie du Togo: Une \u00e9tude valid\u00e9e ce vendredi\" class=\"read-more\" href=\"https:\/\/228news.tg\/index.php\/2018\/02\/01\/contribution-du-secteur-forestier-a-leconomie-du-togo-letude-sur-lanalyse-socio-economique-validee-ce-vendredi\/\" aria-label=\"En savoir plus sur Contribution du secteur forestier \u00e0 l\u2019\u00e9conomie du Togo: Une \u00e9tude valid\u00e9e ce vendredi\">Lire la suite<\/a><\/p>\n","protected":false},"author":2,"featured_media":1154,"comment_status":"open","ping_status":"open","sticky":false,"template":"","format":"standard","meta":{"footnotes":""},"categories":[31,35,25,34],"tags":[],"class_list":["post-1153","post","type-post","status-publish","format-standard","has-post-thumbnail","hentry","category-developpement","category-flash","category-togo","category-une"],"yoast_head":"<!-- This site is optimized with the Yoast SEO plugin v26.4 - https:\/\/yoast.com\/wordpress\/plugins\/seo\/ -->\n<title>Contribution du secteur forestier \u00e0 l\u2019\u00e9conomie du Togo: Une \u00e9tude valid\u00e9e ce vendredi - 228 News<\/title>\n<meta name=\"robots\" content=\"index, follow, max-snippet:-1, max-image-preview:large, max-video-preview:-1\" \/>\n<link rel=\"canonical\" href=\"https:\/\/228news.tg\/index.php\/2018\/02\/01\/contribution-du-secteur-forestier-a-leconomie-du-togo-letude-sur-lanalyse-socio-economique-validee-ce-vendredi\/\" \/>\n<meta property=\"og:locale\" content=\"fr_FR\" \/>\n<meta property=\"og:type\" content=\"article\" \/>\n<meta property=\"og:title\" content=\"Contribution du secteur forestier \u00e0 l\u2019\u00e9conomie du Togo: Une \u00e9tude valid\u00e9e ce vendredi - 228 News\" \/>\n<meta property=\"og:description\" content=\"La coordination au REDD+ tient ce vendredi 02 f\u00e9vrier 2017 un\u00a0atelier national dans la capitale togolaise.\u00a0Il s&rsquo;agira pour la soixantaine d&rsquo;acteurs qui seront r\u00e9unis au cours de cette journ\u00e9e d&rsquo;analyser, d&rsquo;am\u00e9liorer et et de valider le rapport de la mission relative \u00e0 l\u2019\u00e9tude sur l\u2019analyse socio-\u00e9conomique de la contribution du secteur forestier \u00e0 l\u2019\u00e9conomie du ... Lire la suite\" \/>\n<meta property=\"og:url\" content=\"https:\/\/228news.tg\/index.php\/2018\/02\/01\/contribution-du-secteur-forestier-a-leconomie-du-togo-letude-sur-lanalyse-socio-economique-validee-ce-vendredi\/\" \/>\n<meta property=\"og:site_name\" content=\"228 News\" \/>\n<meta property=\"article:published_time\" content=\"2018-02-01T00:00:00+00:00\" \/>\n<meta property=\"og:image\" content=\"https:\/\/228news.tg\/wp-content\/uploads\/2024\/09\/foret-togo.jpg\" \/>\n\t<meta property=\"og:image:width\" content=\"750\" \/>\n\t<meta property=\"og:image:height\" content=\"413\" \/>\n\t<meta property=\"og:image:type\" content=\"image\/jpeg\" \/>\n<meta name=\"author\" content=\"Bienvenu SAVI\" \/>\n<meta name=\"twitter:card\" content=\"summary_large_image\" \/>\n<meta name=\"twitter:label1\" content=\"\u00c9crit par\" \/>\n\t<meta name=\"twitter:data1\" content=\"Bienvenu SAVI\" \/>\n\t<meta name=\"twitter:label2\" content=\"Dur\u00e9e de lecture estim\u00e9e\" \/>\n\t<meta name=\"twitter:data2\" content=\"2 minutes\" \/>\n<script type=\"application\/ld+json\" class=\"yoast-schema-graph\">{\"@context\":\"https:\/\/schema.org\",\"@graph\":[{\"@type\":\"Article\",\"@id\":\"https:\/\/228news.tg\/index.php\/2018\/02\/01\/contribution-du-secteur-forestier-a-leconomie-du-togo-letude-sur-lanalyse-socio-economique-validee-ce-vendredi\/#article\",\"isPartOf\":{\"@id\":\"https:\/\/228news.tg\/index.php\/2018\/02\/01\/contribution-du-secteur-forestier-a-leconomie-du-togo-letude-sur-lanalyse-socio-economique-validee-ce-vendredi\/\"},\"author\":{\"name\":\"Bienvenu SAVI\",\"@id\":\"https:\/\/228news.tg\/#\/schema\/person\/68d5a6cc0230290e61235c8379523f52\"},\"headline\":\"Contribution du secteur forestier \u00e0 l\u2019\u00e9conomie du Togo: Une \u00e9tude valid\u00e9e ce vendredi\",\"datePublished\":\"2018-02-01T00:00:00+00:00\",\"mainEntityOfPage\":{\"@id\":\"https:\/\/228news.tg\/index.php\/2018\/02\/01\/contribution-du-secteur-forestier-a-leconomie-du-togo-letude-sur-lanalyse-socio-economique-validee-ce-vendredi\/\"},\"wordCount\":381,\"commentCount\":0,\"publisher\":{\"@id\":\"https:\/\/228news.tg\/#organization\"},\"image\":{\"@id\":\"https:\/\/228news.tg\/index.php\/2018\/02\/01\/contribution-du-secteur-forestier-a-leconomie-du-togo-letude-sur-lanalyse-socio-economique-validee-ce-vendredi\/#primaryimage\"},\"thumbnailUrl\":\"https:\/\/228news.tg\/wp-content\/uploads\/2024\/09\/foret-togo.jpg\",\"articleSection\":[\"DEVELOPPEMENT\",\"Flash\",\"TOGO\",\"Une\"],\"inLanguage\":\"fr-FR\",\"potentialAction\":[{\"@type\":\"CommentAction\",\"name\":\"Comment\",\"target\":[\"https:\/\/228news.tg\/index.php\/2018\/02\/01\/contribution-du-secteur-forestier-a-leconomie-du-togo-letude-sur-lanalyse-socio-economique-validee-ce-vendredi\/#respond\"]}]},{\"@type\":\"WebPage\",\"@id\":\"https:\/\/228news.tg\/index.php\/2018\/02\/01\/contribution-du-secteur-forestier-a-leconomie-du-togo-letude-sur-lanalyse-socio-economique-validee-ce-vendredi\/\",\"url\":\"https:\/\/228news.tg\/index.php\/2018\/02\/01\/contribution-du-secteur-forestier-a-leconomie-du-togo-letude-sur-lanalyse-socio-economique-validee-ce-vendredi\/\",\"name\":\"Contribution du secteur forestier \u00e0 l\u2019\u00e9conomie du Togo: Une \u00e9tude valid\u00e9e ce vendredi - 228 News\",\"isPartOf\":{\"@id\":\"https:\/\/228news.tg\/#website\"},\"primaryImageOfPage\":{\"@id\":\"https:\/\/228news.tg\/index.php\/2018\/02\/01\/contribution-du-secteur-forestier-a-leconomie-du-togo-letude-sur-lanalyse-socio-economique-validee-ce-vendredi\/#primaryimage\"},\"image\":{\"@id\":\"https:\/\/228news.tg\/index.php\/2018\/02\/01\/contribution-du-secteur-forestier-a-leconomie-du-togo-letude-sur-lanalyse-socio-economique-validee-ce-vendredi\/#primaryimage\"},\"thumbnailUrl\":\"https:\/\/228news.tg\/wp-content\/uploads\/2024\/09\/foret-togo.jpg\",\"datePublished\":\"2018-02-01T00:00:00+00:00\",\"breadcrumb\":{\"@id\":\"https:\/\/228news.tg\/index.php\/2018\/02\/01\/contribution-du-secteur-forestier-a-leconomie-du-togo-letude-sur-lanalyse-socio-economique-validee-ce-vendredi\/#breadcrumb\"},\"inLanguage\":\"fr-FR\",\"potentialAction\":[{\"@type\":\"ReadAction\",\"target\":[\"https:\/\/228news.tg\/index.php\/2018\/02\/01\/contribution-du-secteur-forestier-a-leconomie-du-togo-letude-sur-lanalyse-socio-economique-validee-ce-vendredi\/\"]}]},{\"@type\":\"ImageObject\",\"inLanguage\":\"fr-FR\",\"@id\":\"https:\/\/228news.tg\/index.php\/2018\/02\/01\/contribution-du-secteur-forestier-a-leconomie-du-togo-letude-sur-lanalyse-socio-economique-validee-ce-vendredi\/#primaryimage\",\"url\":\"https:\/\/228news.tg\/wp-content\/uploads\/2024\/09\/foret-togo.jpg\",\"contentUrl\":\"https:\/\/228news.tg\/wp-content\/uploads\/2024\/09\/foret-togo.jpg\",\"width\":750,\"height\":413},{\"@type\":\"BreadcrumbList\",\"@id\":\"https:\/\/228news.tg\/index.php\/2018\/02\/01\/contribution-du-secteur-forestier-a-leconomie-du-togo-letude-sur-lanalyse-socio-economique-validee-ce-vendredi\/#breadcrumb\",\"itemListElement\":[{\"@type\":\"ListItem\",\"position\":1,\"name\":\"Home\",\"item\":\"https:\/\/228news.tg\/\"},{\"@type\":\"ListItem\",\"position\":2,\"name\":\"Contribution du secteur forestier \u00e0 l\u2019\u00e9conomie du Togo: Une \u00e9tude valid\u00e9e ce vendredi\"}]},{\"@type\":\"WebSite\",\"@id\":\"https:\/\/228news.tg\/#website\",\"url\":\"https:\/\/228news.tg\/\",\"name\":\"228 News\",\"description\":\"Soci\u00e9t\u00e9 de m\u00e9dias et d\u2019actualit\u00e9s\",\"publisher\":{\"@id\":\"https:\/\/228news.tg\/#organization\"},\"potentialAction\":[{\"@type\":\"SearchAction\",\"target\":{\"@type\":\"EntryPoint\",\"urlTemplate\":\"https:\/\/228news.tg\/?s={search_term_string}\"},\"query-input\":{\"@type\":\"PropertyValueSpecification\",\"valueRequired\":true,\"valueName\":\"search_term_string\"}}],\"inLanguage\":\"fr-FR\"},{\"@type\":\"Organization\",\"@id\":\"https:\/\/228news.tg\/#organization\",\"name\":\"228 News\",\"url\":\"https:\/\/228news.tg\/\",\"logo\":{\"@type\":\"ImageObject\",\"inLanguage\":\"fr-FR\",\"@id\":\"https:\/\/228news.tg\/#\/schema\/logo\/image\/\",\"url\":\"https:\/\/228news.tg\/wp-content\/uploads\/2024\/09\/logonew.png\",\"contentUrl\":\"https:\/\/228news.tg\/wp-content\/uploads\/2024\/09\/logonew.png\",\"width\":1640,\"height\":364,\"caption\":\"228 News\"},\"image\":{\"@id\":\"https:\/\/228news.tg\/#\/schema\/logo\/image\/\"}},{\"@type\":\"Person\",\"@id\":\"https:\/\/228news.tg\/#\/schema\/person\/68d5a6cc0230290e61235c8379523f52\",\"name\":\"Bienvenu SAVI\",\"image\":{\"@type\":\"ImageObject\",\"inLanguage\":\"fr-FR\",\"@id\":\"https:\/\/228news.tg\/#\/schema\/person\/image\/\",\"url\":\"https:\/\/secure.gravatar.com\/avatar\/9db91895c559e510509c33a3e9683998458e9b828fac36d5d1aa23f0f2fd369b?s=96&d=mm&r=g\",\"contentUrl\":\"https:\/\/secure.gravatar.com\/avatar\/9db91895c559e510509c33a3e9683998458e9b828fac36d5d1aa23f0f2fd369b?s=96&d=mm&r=g\",\"caption\":\"Bienvenu SAVI\"},\"url\":\"https:\/\/228news.tg\/index.php\/author\/bienvenu\/\"}]}<\/script>\n<!-- \/ Yoast SEO plugin. -->","yoast_head_json":{"title":"Contribution du secteur forestier \u00e0 l\u2019\u00e9conomie du Togo: Une \u00e9tude valid\u00e9e ce vendredi - 228 News","robots":{"index":"index","follow":"follow","max-snippet":"max-snippet:-1","max-image-preview":"max-image-preview:large","max-video-preview":"max-video-preview:-1"},"canonical":"https:\/\/228news.tg\/index.php\/2018\/02\/01\/contribution-du-secteur-forestier-a-leconomie-du-togo-letude-sur-lanalyse-socio-economique-validee-ce-vendredi\/","og_locale":"fr_FR","og_type":"article","og_title":"Contribution du secteur forestier \u00e0 l\u2019\u00e9conomie du Togo: Une \u00e9tude valid\u00e9e ce vendredi - 228 News","og_description":"La coordination au REDD+ tient ce vendredi 02 f\u00e9vrier 2017 un\u00a0atelier national dans la capitale togolaise.\u00a0Il s&rsquo;agira pour la soixantaine d&rsquo;acteurs qui seront r\u00e9unis au cours de cette journ\u00e9e d&rsquo;analyser, d&rsquo;am\u00e9liorer et et de valider le rapport de la mission relative \u00e0 l\u2019\u00e9tude sur l\u2019analyse socio-\u00e9conomique de la contribution du secteur forestier \u00e0 l\u2019\u00e9conomie du ... Lire la suite","og_url":"https:\/\/228news.tg\/index.php\/2018\/02\/01\/contribution-du-secteur-forestier-a-leconomie-du-togo-letude-sur-lanalyse-socio-economique-validee-ce-vendredi\/","og_site_name":"228 News","article_published_time":"2018-02-01T00:00:00+00:00","og_image":[{"width":750,"height":413,"url":"https:\/\/228news.tg\/wp-content\/uploads\/2024\/09\/foret-togo.jpg","type":"image\/jpeg"}],"author":"Bienvenu SAVI","twitter_card":"summary_large_image","twitter_misc":{"\u00c9crit par":"Bienvenu SAVI","Dur\u00e9e de lecture estim\u00e9e":"2 minutes"},"schema":{"@context":"https:\/\/schema.org","@graph":[{"@type":"Article","@id":"https:\/\/228news.tg\/index.php\/2018\/02\/01\/contribution-du-secteur-forestier-a-leconomie-du-togo-letude-sur-lanalyse-socio-economique-validee-ce-vendredi\/#article","isPartOf":{"@id":"https:\/\/228news.tg\/index.php\/2018\/02\/01\/contribution-du-secteur-forestier-a-leconomie-du-togo-letude-sur-lanalyse-socio-economique-validee-ce-vendredi\/"},"author":{"name":"Bienvenu SAVI","@id":"https:\/\/228news.tg\/#\/schema\/person\/68d5a6cc0230290e61235c8379523f52"},"headline":"Contribution du secteur forestier \u00e0 l\u2019\u00e9conomie du Togo: Une \u00e9tude valid\u00e9e ce vendredi","datePublished":"2018-02-01T00:00:00+00:00","mainEntityOfPage":{"@id":"https:\/\/228news.tg\/index.php\/2018\/02\/01\/contribution-du-secteur-forestier-a-leconomie-du-togo-letude-sur-lanalyse-socio-economique-validee-ce-vendredi\/"},"wordCount":381,"commentCount":0,"publisher":{"@id":"https:\/\/228news.tg\/#organization"},"image":{"@id":"https:\/\/228news.tg\/index.php\/2018\/02\/01\/contribution-du-secteur-forestier-a-leconomie-du-togo-letude-sur-lanalyse-socio-economique-validee-ce-vendredi\/#primaryimage"},"thumbnailUrl":"https:\/\/228news.tg\/wp-content\/uploads\/2024\/09\/foret-togo.jpg","articleSection":["DEVELOPPEMENT","Flash","TOGO","Une"],"inLanguage":"fr-FR","potentialAction":[{"@type":"CommentAction","name":"Comment","target":["https:\/\/228news.tg\/index.php\/2018\/02\/01\/contribution-du-secteur-forestier-a-leconomie-du-togo-letude-sur-lanalyse-socio-economique-validee-ce-vendredi\/#respond"]}]},{"@type":"WebPage","@id":"https:\/\/228news.tg\/index.php\/2018\/02\/01\/contribution-du-secteur-forestier-a-leconomie-du-togo-letude-sur-lanalyse-socio-economique-validee-ce-vendredi\/","url":"https:\/\/228news.tg\/index.php\/2018\/02\/01\/contribution-du-secteur-forestier-a-leconomie-du-togo-letude-sur-lanalyse-socio-economique-validee-ce-vendredi\/","name":"Contribution du secteur forestier \u00e0 l\u2019\u00e9conomie du Togo: Une \u00e9tude valid\u00e9e ce vendredi - 228 News","isPartOf":{"@id":"https:\/\/228news.tg\/#website"},"primaryImageOfPage":{"@id":"https:\/\/228news.tg\/index.php\/2018\/02\/01\/contribution-du-secteur-forestier-a-leconomie-du-togo-letude-sur-lanalyse-socio-economique-validee-ce-vendredi\/#primaryimage"},"image":{"@id":"https:\/\/228news.tg\/index.php\/2018\/02\/01\/contribution-du-secteur-forestier-a-leconomie-du-togo-letude-sur-lanalyse-socio-economique-validee-ce-vendredi\/#primaryimage"},"thumbnailUrl":"https:\/\/228news.tg\/wp-content\/uploads\/2024\/09\/foret-togo.jpg","datePublished":"2018-02-01T00:00:00+00:00","breadcrumb":{"@id":"https:\/\/228news.tg\/index.php\/2018\/02\/01\/contribution-du-secteur-forestier-a-leconomie-du-togo-letude-sur-lanalyse-socio-economique-validee-ce-vendredi\/#breadcrumb"},"inLanguage":"fr-FR","potentialAction":[{"@type":"ReadAction","target":["https:\/\/228news.tg\/index.php\/2018\/02\/01\/contribution-du-secteur-forestier-a-leconomie-du-togo-letude-sur-lanalyse-socio-economique-validee-ce-vendredi\/"]}]},{"@type":"ImageObject","inLanguage":"fr-FR","@id":"https:\/\/228news.tg\/index.php\/2018\/02\/01\/contribution-du-secteur-forestier-a-leconomie-du-togo-letude-sur-lanalyse-socio-economique-validee-ce-vendredi\/#primaryimage","url":"https:\/\/228news.tg\/wp-content\/uploads\/2024\/09\/foret-togo.jpg","contentUrl":"https:\/\/228news.tg\/wp-content\/uploads\/2024\/09\/foret-togo.jpg","width":750,"height":413},{"@type":"BreadcrumbList","@id":"https:\/\/228news.tg\/index.php\/2018\/02\/01\/contribution-du-secteur-forestier-a-leconomie-du-togo-letude-sur-lanalyse-socio-economique-validee-ce-vendredi\/#breadcrumb","itemListElement":[{"@type":"ListItem","position":1,"name":"Home","item":"https:\/\/228news.tg\/"},{"@type":"ListItem","position":2,"name":"Contribution du secteur forestier \u00e0 l\u2019\u00e9conomie du Togo: Une \u00e9tude valid\u00e9e ce vendredi"}]},{"@type":"WebSite","@id":"https:\/\/228news.tg\/#website","url":"https:\/\/228news.tg\/","name":"228 News","description":"Soci\u00e9t\u00e9 de m\u00e9dias et d\u2019actualit\u00e9s","publisher":{"@id":"https:\/\/228news.tg\/#organization"},"potentialAction":[{"@type":"SearchAction","target":{"@type":"EntryPoint","urlTemplate":"https:\/\/228news.tg\/?s={search_term_string}"},"query-input":{"@type":"PropertyValueSpecification","valueRequired":true,"valueName":"search_term_string"}}],"inLanguage":"fr-FR"},{"@type":"Organization","@id":"https:\/\/228news.tg\/#organization","name":"228 News","url":"https:\/\/228news.tg\/","logo":{"@type":"ImageObject","inLanguage":"fr-FR","@id":"https:\/\/228news.tg\/#\/schema\/logo\/image\/","url":"https:\/\/228news.tg\/wp-content\/uploads\/2024\/09\/logonew.png","contentUrl":"https:\/\/228news.tg\/wp-content\/uploads\/2024\/09\/logonew.png","width":1640,"height":364,"caption":"228 News"},"image":{"@id":"https:\/\/228news.tg\/#\/schema\/logo\/image\/"}},{"@type":"Person","@id":"https:\/\/228news.tg\/#\/schema\/person\/68d5a6cc0230290e61235c8379523f52","name":"Bienvenu SAVI","image":{"@type":"ImageObject","inLanguage":"fr-FR","@id":"https:\/\/228news.tg\/#\/schema\/person\/image\/","url":"https:\/\/secure.gravatar.com\/avatar\/9db91895c559e510509c33a3e9683998458e9b828fac36d5d1aa23f0f2fd369b?s=96&d=mm&r=g","contentUrl":"https:\/\/secure.gravatar.com\/avatar\/9db91895c559e510509c33a3e9683998458e9b828fac36d5d1aa23f0f2fd369b?s=96&d=mm&r=g","caption":"Bienvenu SAVI"},"url":"https:\/\/228news.tg\/index.php\/author\/bienvenu\/"}]}},"jetpack_featured_media_url":"https:\/\/228news.tg\/wp-content\/uploads\/2024\/09\/foret-togo.jpg","_links":{"self":[{"href":"https:\/\/228news.tg\/index.php\/wp-json\/wp\/v2\/posts\/1153","targetHints":{"allow":["GET"]}}],"collection":[{"href":"https:\/\/228news.tg\/index.php\/wp-json\/wp\/v2\/posts"}],"about":[{"href":"https:\/\/228news.tg\/index.php\/wp-json\/wp\/v2\/types\/post"}],"author":[{"embeddable":true,"href":"https:\/\/228news.tg\/index.php\/wp-json\/wp\/v2\/users\/2"}],"replies":[{"embeddable":true,"href":"https:\/\/228news.tg\/index.php\/wp-json\/wp\/v2\/comments?post=1153"}],"version-history":[{"count":0,"href":"https:\/\/228news.tg\/index.php\/wp-json\/wp\/v2\/posts\/1153\/revisions"}],"wp:featuredmedia":[{"embeddable":true,"href":"https:\/\/228news.tg\/index.php\/wp-json\/wp\/v2\/media\/1154"}],"wp:attachment":[{"href":"https:\/\/228news.tg\/index.php\/wp-json\/wp\/v2\/media?parent=1153"}],"wp:term":[{"taxonomy":"category","embeddable":true,"href":"https:\/\/228news.tg\/index.php\/wp-json\/wp\/v2\/categories?post=1153"},{"taxonomy":"post_tag","embeddable":true,"href":"https:\/\/228news.tg\/index.php\/wp-json\/wp\/v2\/tags?post=1153"}],"curies":[{"name":"wp","href":"https:\/\/api.w.org\/{rel}","templated":true}]}}