{"id":1141,"date":"2018-01-26T00:00:00","date_gmt":"2018-01-26T00:00:00","guid":{"rendered":"https:\/\/228news.tg\/index.php\/2018\/01\/26\/tous-au-salon-des-metiers-de-la-beaute-la-belle-africaine-top-55-le-08-mars-prochain\/"},"modified":"2018-01-26T00:00:00","modified_gmt":"2018-01-26T00:00:00","slug":"tous-au-salon-des-metiers-de-la-beaute-la-belle-africaine-top-55-le-08-mars-prochain","status":"publish","type":"post","link":"https:\/\/228news.tg\/index.php\/2018\/01\/26\/tous-au-salon-des-metiers-de-la-beaute-la-belle-africaine-top-55-le-08-mars-prochain\/","title":{"rendered":"Tous au Salon des M\u00e9tiers de la Beaut\u00e9 \u00a0\u00bb la Belle Africaine Top 55&Prime;, le 08 mars prochain"},"content":{"rendered":"<p>Port\u00e9e sur les fonts baptismaux, il y a de cela quelques mois seulement, la Vall\u00e9e des M\u00e9tiers de Beaut\u00e9 (VMB,\u00a0 www.valleemetiersbeaute.org) se pr\u00e9pare activement \u00e0 organiser le tout premier\u00a0Salon des M\u00e9tiers de la Beaut\u00e9 \u00a0\u00bb la Belle Africaine Top 55&Prime;.<\/p>\n<p>Plac\u00e9 sous le th\u00e8me \u00ab\u00a0M\u00e9tiers de la beaut\u00e9 &#8211; Qualit\u00e9 des produits- R\u00e9ussite du Made in Africa\u00a0\u00bb, ce salon qui se tiendra du\u00a008 au 10 mars prochain veut mettre un coup de projecteur sur les produits naturels\u00a0 \u00ab\u00a0Made in Africa\u00a0\u00bb.<\/p>\n<p>Rendez-vous de donner et de recevoir, \u00ab\u00a0cette f\u00eate de la beaut\u00e9 africaine abritera des conf\u00e9rences, des expositions et ventes de produits intervenant dans la beaut\u00e9, le bien \u00eatre\u00a0\u00bb, \u00e0 en croire M. Am\u00e9tsip\u00e9 Eric, pr\u00e9sident de la VMB.<\/p>\n<p>Pour cette premi\u00e8re \u00e9dition, la France et le Ghana seront les pays invit\u00e9s d&rsquo;honneur. Sont \u00e9galement attendus, le B\u00e9nin et le Burkina Faso.<\/p>\n<p><strong>D\u00e9mocrate<\/strong><\/p>\n<p><strong>(00228) 91 85 40 14<\/strong><\/p>\n<p><strong>98 60 67 68<\/strong><\/p>\n<p><strong>democrate2010@gmail.com<\/strong><\/p>\n","protected":false},"excerpt":{"rendered":"<p>Port\u00e9e sur les fonts baptismaux, il y a de cela quelques mois seulement, la Vall\u00e9e des M\u00e9tiers de Beaut\u00e9 (VMB,\u00a0 www.valleemetiersbeaute.org) se pr\u00e9pare activement \u00e0 organiser le tout premier\u00a0Salon des M\u00e9tiers de la Beaut\u00e9 \u00a0\u00bb la Belle Africaine Top 55&Prime;. Plac\u00e9 sous le th\u00e8me \u00ab\u00a0M\u00e9tiers de la beaut\u00e9 &#8211; Qualit\u00e9 des produits- R\u00e9ussite du Made &#8230; <a title=\"Tous au Salon des M\u00e9tiers de la Beaut\u00e9 \u00a0\u00bb la Belle Africaine Top 55&Prime;, le 08 mars prochain\" class=\"read-more\" href=\"https:\/\/228news.tg\/index.php\/2018\/01\/26\/tous-au-salon-des-metiers-de-la-beaute-la-belle-africaine-top-55-le-08-mars-prochain\/\" aria-label=\"En savoir plus sur Tous au Salon des M\u00e9tiers de la Beaut\u00e9 \u00a0\u00bb la Belle Africaine Top 55&Prime;, le 08 mars prochain\">Lire la suite<\/a><\/p>\n","protected":false},"author":2,"featured_media":989,"comment_status":"open","ping_status":"open","sticky":false,"template":"","format":"standard","meta":{"footnotes":""},"categories":[31,35,25,34],"tags":[],"class_list":["post-1141","post","type-post","status-publish","format-standard","has-post-thumbnail","hentry","category-developpement","category-flash","category-togo","category-une"],"yoast_head":"<!-- This site is optimized with the Yoast SEO plugin v26.4 - https:\/\/yoast.com\/wordpress\/plugins\/seo\/ -->\n<title>Tous au Salon des M\u00e9tiers de la Beaut\u00e9 &quot; la Belle Africaine Top 55&quot;, le 08 mars prochain - 228 News<\/title>\n<meta name=\"robots\" content=\"index, follow, max-snippet:-1, max-image-preview:large, max-video-preview:-1\" \/>\n<link rel=\"canonical\" href=\"https:\/\/228news.tg\/index.php\/2018\/01\/26\/tous-au-salon-des-metiers-de-la-beaute-la-belle-africaine-top-55-le-08-mars-prochain\/\" \/>\n<meta property=\"og:locale\" content=\"fr_FR\" \/>\n<meta property=\"og:type\" content=\"article\" \/>\n<meta property=\"og:title\" content=\"Tous au Salon des M\u00e9tiers de la Beaut\u00e9 &quot; la Belle Africaine Top 55&quot;, le 08 mars prochain - 228 News\" \/>\n<meta property=\"og:description\" content=\"Port\u00e9e sur les fonts baptismaux, il y a de cela quelques mois seulement, la Vall\u00e9e des M\u00e9tiers de Beaut\u00e9 (VMB,\u00a0 www.valleemetiersbeaute.org) se pr\u00e9pare activement \u00e0 organiser le tout premier\u00a0Salon des M\u00e9tiers de la Beaut\u00e9 \u00a0\u00bb la Belle Africaine Top 55&Prime;. Plac\u00e9 sous le th\u00e8me \u00ab\u00a0M\u00e9tiers de la beaut\u00e9 &#8211; Qualit\u00e9 des produits- R\u00e9ussite du Made ... Lire la suite\" \/>\n<meta property=\"og:url\" content=\"https:\/\/228news.tg\/index.php\/2018\/01\/26\/tous-au-salon-des-metiers-de-la-beaute-la-belle-africaine-top-55-le-08-mars-prochain\/\" \/>\n<meta property=\"og:site_name\" content=\"228 News\" \/>\n<meta property=\"article:published_time\" content=\"2018-01-26T00:00:00+00:00\" \/>\n<meta property=\"og:image\" content=\"https:\/\/228news.tg\/wp-content\/uploads\/2024\/09\/vmb-2.png\" \/>\n\t<meta property=\"og:image:width\" content=\"878\" \/>\n\t<meta property=\"og:image:height\" content=\"1134\" \/>\n\t<meta property=\"og:image:type\" content=\"image\/png\" \/>\n<meta name=\"author\" content=\"Bienvenu SAVI\" \/>\n<meta name=\"twitter:card\" content=\"summary_large_image\" \/>\n<meta name=\"twitter:label1\" content=\"\u00c9crit par\" \/>\n\t<meta name=\"twitter:data1\" content=\"Bienvenu SAVI\" \/>\n\t<meta name=\"twitter:label2\" content=\"Dur\u00e9e de lecture estim\u00e9e\" \/>\n\t<meta name=\"twitter:data2\" content=\"1 minute\" \/>\n<script type=\"application\/ld+json\" class=\"yoast-schema-graph\">{\"@context\":\"https:\/\/schema.org\",\"@graph\":[{\"@type\":\"Article\",\"@id\":\"https:\/\/228news.tg\/index.php\/2018\/01\/26\/tous-au-salon-des-metiers-de-la-beaute-la-belle-africaine-top-55-le-08-mars-prochain\/#article\",\"isPartOf\":{\"@id\":\"https:\/\/228news.tg\/index.php\/2018\/01\/26\/tous-au-salon-des-metiers-de-la-beaute-la-belle-africaine-top-55-le-08-mars-prochain\/\"},\"author\":{\"name\":\"Bienvenu SAVI\",\"@id\":\"https:\/\/228news.tg\/#\/schema\/person\/68d5a6cc0230290e61235c8379523f52\"},\"headline\":\"Tous au Salon des M\u00e9tiers de la Beaut\u00e9 \u00a0\u00bb la Belle Africaine Top 55&Prime;, le 08 mars prochain\",\"datePublished\":\"2018-01-26T00:00:00+00:00\",\"mainEntityOfPage\":{\"@id\":\"https:\/\/228news.tg\/index.php\/2018\/01\/26\/tous-au-salon-des-metiers-de-la-beaute-la-belle-africaine-top-55-le-08-mars-prochain\/\"},\"wordCount\":176,\"commentCount\":0,\"publisher\":{\"@id\":\"https:\/\/228news.tg\/#organization\"},\"image\":{\"@id\":\"https:\/\/228news.tg\/index.php\/2018\/01\/26\/tous-au-salon-des-metiers-de-la-beaute-la-belle-africaine-top-55-le-08-mars-prochain\/#primaryimage\"},\"thumbnailUrl\":\"https:\/\/228news.tg\/wp-content\/uploads\/2024\/09\/vmb-2.png\",\"articleSection\":[\"DEVELOPPEMENT\",\"Flash\",\"TOGO\",\"Une\"],\"inLanguage\":\"fr-FR\",\"potentialAction\":[{\"@type\":\"CommentAction\",\"name\":\"Comment\",\"target\":[\"https:\/\/228news.tg\/index.php\/2018\/01\/26\/tous-au-salon-des-metiers-de-la-beaute-la-belle-africaine-top-55-le-08-mars-prochain\/#respond\"]}]},{\"@type\":\"WebPage\",\"@id\":\"https:\/\/228news.tg\/index.php\/2018\/01\/26\/tous-au-salon-des-metiers-de-la-beaute-la-belle-africaine-top-55-le-08-mars-prochain\/\",\"url\":\"https:\/\/228news.tg\/index.php\/2018\/01\/26\/tous-au-salon-des-metiers-de-la-beaute-la-belle-africaine-top-55-le-08-mars-prochain\/\",\"name\":\"Tous au Salon des M\u00e9tiers de la Beaut\u00e9 \\\" la Belle Africaine Top 55\\\", le 08 mars prochain - 228 News\",\"isPartOf\":{\"@id\":\"https:\/\/228news.tg\/#website\"},\"primaryImageOfPage\":{\"@id\":\"https:\/\/228news.tg\/index.php\/2018\/01\/26\/tous-au-salon-des-metiers-de-la-beaute-la-belle-africaine-top-55-le-08-mars-prochain\/#primaryimage\"},\"image\":{\"@id\":\"https:\/\/228news.tg\/index.php\/2018\/01\/26\/tous-au-salon-des-metiers-de-la-beaute-la-belle-africaine-top-55-le-08-mars-prochain\/#primaryimage\"},\"thumbnailUrl\":\"https:\/\/228news.tg\/wp-content\/uploads\/2024\/09\/vmb-2.png\",\"datePublished\":\"2018-01-26T00:00:00+00:00\",\"breadcrumb\":{\"@id\":\"https:\/\/228news.tg\/index.php\/2018\/01\/26\/tous-au-salon-des-metiers-de-la-beaute-la-belle-africaine-top-55-le-08-mars-prochain\/#breadcrumb\"},\"inLanguage\":\"fr-FR\",\"potentialAction\":[{\"@type\":\"ReadAction\",\"target\":[\"https:\/\/228news.tg\/index.php\/2018\/01\/26\/tous-au-salon-des-metiers-de-la-beaute-la-belle-africaine-top-55-le-08-mars-prochain\/\"]}]},{\"@type\":\"ImageObject\",\"inLanguage\":\"fr-FR\",\"@id\":\"https:\/\/228news.tg\/index.php\/2018\/01\/26\/tous-au-salon-des-metiers-de-la-beaute-la-belle-africaine-top-55-le-08-mars-prochain\/#primaryimage\",\"url\":\"https:\/\/228news.tg\/wp-content\/uploads\/2024\/09\/vmb-2.png\",\"contentUrl\":\"https:\/\/228news.tg\/wp-content\/uploads\/2024\/09\/vmb-2.png\",\"width\":878,\"height\":1134},{\"@type\":\"BreadcrumbList\",\"@id\":\"https:\/\/228news.tg\/index.php\/2018\/01\/26\/tous-au-salon-des-metiers-de-la-beaute-la-belle-africaine-top-55-le-08-mars-prochain\/#breadcrumb\",\"itemListElement\":[{\"@type\":\"ListItem\",\"position\":1,\"name\":\"Home\",\"item\":\"https:\/\/228news.tg\/\"},{\"@type\":\"ListItem\",\"position\":2,\"name\":\"Tous au Salon des M\u00e9tiers de la Beaut\u00e9 \u00a0\u00bb la Belle Africaine Top 55&Prime;, le 08 mars prochain\"}]},{\"@type\":\"WebSite\",\"@id\":\"https:\/\/228news.tg\/#website\",\"url\":\"https:\/\/228news.tg\/\",\"name\":\"228 News\",\"description\":\"Soci\u00e9t\u00e9 de m\u00e9dias et d\u2019actualit\u00e9s\",\"publisher\":{\"@id\":\"https:\/\/228news.tg\/#organization\"},\"potentialAction\":[{\"@type\":\"SearchAction\",\"target\":{\"@type\":\"EntryPoint\",\"urlTemplate\":\"https:\/\/228news.tg\/?s={search_term_string}\"},\"query-input\":{\"@type\":\"PropertyValueSpecification\",\"valueRequired\":true,\"valueName\":\"search_term_string\"}}],\"inLanguage\":\"fr-FR\"},{\"@type\":\"Organization\",\"@id\":\"https:\/\/228news.tg\/#organization\",\"name\":\"228 News\",\"url\":\"https:\/\/228news.tg\/\",\"logo\":{\"@type\":\"ImageObject\",\"inLanguage\":\"fr-FR\",\"@id\":\"https:\/\/228news.tg\/#\/schema\/logo\/image\/\",\"url\":\"https:\/\/228news.tg\/wp-content\/uploads\/2024\/09\/logonew.png\",\"contentUrl\":\"https:\/\/228news.tg\/wp-content\/uploads\/2024\/09\/logonew.png\",\"width\":1640,\"height\":364,\"caption\":\"228 News\"},\"image\":{\"@id\":\"https:\/\/228news.tg\/#\/schema\/logo\/image\/\"}},{\"@type\":\"Person\",\"@id\":\"https:\/\/228news.tg\/#\/schema\/person\/68d5a6cc0230290e61235c8379523f52\",\"name\":\"Bienvenu SAVI\",\"image\":{\"@type\":\"ImageObject\",\"inLanguage\":\"fr-FR\",\"@id\":\"https:\/\/228news.tg\/#\/schema\/person\/image\/\",\"url\":\"https:\/\/secure.gravatar.com\/avatar\/9db91895c559e510509c33a3e9683998458e9b828fac36d5d1aa23f0f2fd369b?s=96&d=mm&r=g\",\"contentUrl\":\"https:\/\/secure.gravatar.com\/avatar\/9db91895c559e510509c33a3e9683998458e9b828fac36d5d1aa23f0f2fd369b?s=96&d=mm&r=g\",\"caption\":\"Bienvenu SAVI\"},\"url\":\"https:\/\/228news.tg\/index.php\/author\/bienvenu\/\"}]}<\/script>\n<!-- \/ Yoast SEO plugin. -->","yoast_head_json":{"title":"Tous au Salon des M\u00e9tiers de la Beaut\u00e9 \" la Belle Africaine Top 55\", le 08 mars prochain - 228 News","robots":{"index":"index","follow":"follow","max-snippet":"max-snippet:-1","max-image-preview":"max-image-preview:large","max-video-preview":"max-video-preview:-1"},"canonical":"https:\/\/228news.tg\/index.php\/2018\/01\/26\/tous-au-salon-des-metiers-de-la-beaute-la-belle-africaine-top-55-le-08-mars-prochain\/","og_locale":"fr_FR","og_type":"article","og_title":"Tous au Salon des M\u00e9tiers de la Beaut\u00e9 \" la Belle Africaine Top 55\", le 08 mars prochain - 228 News","og_description":"Port\u00e9e sur les fonts baptismaux, il y a de cela quelques mois seulement, la Vall\u00e9e des M\u00e9tiers de Beaut\u00e9 (VMB,\u00a0 www.valleemetiersbeaute.org) se pr\u00e9pare activement \u00e0 organiser le tout premier\u00a0Salon des M\u00e9tiers de la Beaut\u00e9 \u00a0\u00bb la Belle Africaine Top 55&Prime;. Plac\u00e9 sous le th\u00e8me \u00ab\u00a0M\u00e9tiers de la beaut\u00e9 &#8211; Qualit\u00e9 des produits- R\u00e9ussite du Made ... Lire la suite","og_url":"https:\/\/228news.tg\/index.php\/2018\/01\/26\/tous-au-salon-des-metiers-de-la-beaute-la-belle-africaine-top-55-le-08-mars-prochain\/","og_site_name":"228 News","article_published_time":"2018-01-26T00:00:00+00:00","og_image":[{"width":878,"height":1134,"url":"https:\/\/228news.tg\/wp-content\/uploads\/2024\/09\/vmb-2.png","type":"image\/png"}],"author":"Bienvenu SAVI","twitter_card":"summary_large_image","twitter_misc":{"\u00c9crit par":"Bienvenu SAVI","Dur\u00e9e de lecture estim\u00e9e":"1 minute"},"schema":{"@context":"https:\/\/schema.org","@graph":[{"@type":"Article","@id":"https:\/\/228news.tg\/index.php\/2018\/01\/26\/tous-au-salon-des-metiers-de-la-beaute-la-belle-africaine-top-55-le-08-mars-prochain\/#article","isPartOf":{"@id":"https:\/\/228news.tg\/index.php\/2018\/01\/26\/tous-au-salon-des-metiers-de-la-beaute-la-belle-africaine-top-55-le-08-mars-prochain\/"},"author":{"name":"Bienvenu SAVI","@id":"https:\/\/228news.tg\/#\/schema\/person\/68d5a6cc0230290e61235c8379523f52"},"headline":"Tous au Salon des M\u00e9tiers de la Beaut\u00e9 \u00a0\u00bb la Belle Africaine Top 55&Prime;, le 08 mars prochain","datePublished":"2018-01-26T00:00:00+00:00","mainEntityOfPage":{"@id":"https:\/\/228news.tg\/index.php\/2018\/01\/26\/tous-au-salon-des-metiers-de-la-beaute-la-belle-africaine-top-55-le-08-mars-prochain\/"},"wordCount":176,"commentCount":0,"publisher":{"@id":"https:\/\/228news.tg\/#organization"},"image":{"@id":"https:\/\/228news.tg\/index.php\/2018\/01\/26\/tous-au-salon-des-metiers-de-la-beaute-la-belle-africaine-top-55-le-08-mars-prochain\/#primaryimage"},"thumbnailUrl":"https:\/\/228news.tg\/wp-content\/uploads\/2024\/09\/vmb-2.png","articleSection":["DEVELOPPEMENT","Flash","TOGO","Une"],"inLanguage":"fr-FR","potentialAction":[{"@type":"CommentAction","name":"Comment","target":["https:\/\/228news.tg\/index.php\/2018\/01\/26\/tous-au-salon-des-metiers-de-la-beaute-la-belle-africaine-top-55-le-08-mars-prochain\/#respond"]}]},{"@type":"WebPage","@id":"https:\/\/228news.tg\/index.php\/2018\/01\/26\/tous-au-salon-des-metiers-de-la-beaute-la-belle-africaine-top-55-le-08-mars-prochain\/","url":"https:\/\/228news.tg\/index.php\/2018\/01\/26\/tous-au-salon-des-metiers-de-la-beaute-la-belle-africaine-top-55-le-08-mars-prochain\/","name":"Tous au Salon des M\u00e9tiers de la Beaut\u00e9 \" la Belle Africaine Top 55\", le 08 mars prochain - 228 News","isPartOf":{"@id":"https:\/\/228news.tg\/#website"},"primaryImageOfPage":{"@id":"https:\/\/228news.tg\/index.php\/2018\/01\/26\/tous-au-salon-des-metiers-de-la-beaute-la-belle-africaine-top-55-le-08-mars-prochain\/#primaryimage"},"image":{"@id":"https:\/\/228news.tg\/index.php\/2018\/01\/26\/tous-au-salon-des-metiers-de-la-beaute-la-belle-africaine-top-55-le-08-mars-prochain\/#primaryimage"},"thumbnailUrl":"https:\/\/228news.tg\/wp-content\/uploads\/2024\/09\/vmb-2.png","datePublished":"2018-01-26T00:00:00+00:00","breadcrumb":{"@id":"https:\/\/228news.tg\/index.php\/2018\/01\/26\/tous-au-salon-des-metiers-de-la-beaute-la-belle-africaine-top-55-le-08-mars-prochain\/#breadcrumb"},"inLanguage":"fr-FR","potentialAction":[{"@type":"ReadAction","target":["https:\/\/228news.tg\/index.php\/2018\/01\/26\/tous-au-salon-des-metiers-de-la-beaute-la-belle-africaine-top-55-le-08-mars-prochain\/"]}]},{"@type":"ImageObject","inLanguage":"fr-FR","@id":"https:\/\/228news.tg\/index.php\/2018\/01\/26\/tous-au-salon-des-metiers-de-la-beaute-la-belle-africaine-top-55-le-08-mars-prochain\/#primaryimage","url":"https:\/\/228news.tg\/wp-content\/uploads\/2024\/09\/vmb-2.png","contentUrl":"https:\/\/228news.tg\/wp-content\/uploads\/2024\/09\/vmb-2.png","width":878,"height":1134},{"@type":"BreadcrumbList","@id":"https:\/\/228news.tg\/index.php\/2018\/01\/26\/tous-au-salon-des-metiers-de-la-beaute-la-belle-africaine-top-55-le-08-mars-prochain\/#breadcrumb","itemListElement":[{"@type":"ListItem","position":1,"name":"Home","item":"https:\/\/228news.tg\/"},{"@type":"ListItem","position":2,"name":"Tous au Salon des M\u00e9tiers de la Beaut\u00e9 \u00a0\u00bb la Belle Africaine Top 55&Prime;, le 08 mars prochain"}]},{"@type":"WebSite","@id":"https:\/\/228news.tg\/#website","url":"https:\/\/228news.tg\/","name":"228 News","description":"Soci\u00e9t\u00e9 de m\u00e9dias et d\u2019actualit\u00e9s","publisher":{"@id":"https:\/\/228news.tg\/#organization"},"potentialAction":[{"@type":"SearchAction","target":{"@type":"EntryPoint","urlTemplate":"https:\/\/228news.tg\/?s={search_term_string}"},"query-input":{"@type":"PropertyValueSpecification","valueRequired":true,"valueName":"search_term_string"}}],"inLanguage":"fr-FR"},{"@type":"Organization","@id":"https:\/\/228news.tg\/#organization","name":"228 News","url":"https:\/\/228news.tg\/","logo":{"@type":"ImageObject","inLanguage":"fr-FR","@id":"https:\/\/228news.tg\/#\/schema\/logo\/image\/","url":"https:\/\/228news.tg\/wp-content\/uploads\/2024\/09\/logonew.png","contentUrl":"https:\/\/228news.tg\/wp-content\/uploads\/2024\/09\/logonew.png","width":1640,"height":364,"caption":"228 News"},"image":{"@id":"https:\/\/228news.tg\/#\/schema\/logo\/image\/"}},{"@type":"Person","@id":"https:\/\/228news.tg\/#\/schema\/person\/68d5a6cc0230290e61235c8379523f52","name":"Bienvenu SAVI","image":{"@type":"ImageObject","inLanguage":"fr-FR","@id":"https:\/\/228news.tg\/#\/schema\/person\/image\/","url":"https:\/\/secure.gravatar.com\/avatar\/9db91895c559e510509c33a3e9683998458e9b828fac36d5d1aa23f0f2fd369b?s=96&d=mm&r=g","contentUrl":"https:\/\/secure.gravatar.com\/avatar\/9db91895c559e510509c33a3e9683998458e9b828fac36d5d1aa23f0f2fd369b?s=96&d=mm&r=g","caption":"Bienvenu SAVI"},"url":"https:\/\/228news.tg\/index.php\/author\/bienvenu\/"}]}},"jetpack_featured_media_url":"https:\/\/228news.tg\/wp-content\/uploads\/2024\/09\/vmb-2.png","_links":{"self":[{"href":"https:\/\/228news.tg\/index.php\/wp-json\/wp\/v2\/posts\/1141","targetHints":{"allow":["GET"]}}],"collection":[{"href":"https:\/\/228news.tg\/index.php\/wp-json\/wp\/v2\/posts"}],"about":[{"href":"https:\/\/228news.tg\/index.php\/wp-json\/wp\/v2\/types\/post"}],"author":[{"embeddable":true,"href":"https:\/\/228news.tg\/index.php\/wp-json\/wp\/v2\/users\/2"}],"replies":[{"embeddable":true,"href":"https:\/\/228news.tg\/index.php\/wp-json\/wp\/v2\/comments?post=1141"}],"version-history":[{"count":0,"href":"https:\/\/228news.tg\/index.php\/wp-json\/wp\/v2\/posts\/1141\/revisions"}],"wp:featuredmedia":[{"embeddable":true,"href":"https:\/\/228news.tg\/index.php\/wp-json\/wp\/v2\/media\/989"}],"wp:attachment":[{"href":"https:\/\/228news.tg\/index.php\/wp-json\/wp\/v2\/media?parent=1141"}],"wp:term":[{"taxonomy":"category","embeddable":true,"href":"https:\/\/228news.tg\/index.php\/wp-json\/wp\/v2\/categories?post=1141"},{"taxonomy":"post_tag","embeddable":true,"href":"https:\/\/228news.tg\/index.php\/wp-json\/wp\/v2\/tags?post=1141"}],"curies":[{"name":"wp","href":"https:\/\/api.w.org\/{rel}","templated":true}]}}