{"id":1134,"date":"2018-01-25T00:00:00","date_gmt":"2018-01-25T00:00:00","guid":{"rendered":"https:\/\/228news.tg\/index.php\/2018\/01\/25\/de-nouvelles-infrastructures-modernes-dans-la-prefecture-du-golfe\/"},"modified":"2024-09-09T14:04:33","modified_gmt":"2024-09-09T14:04:33","slug":"de-nouvelles-infrastructures-modernes-dans-la-prefecture-du-golfe","status":"publish","type":"post","link":"https:\/\/228news.tg\/index.php\/2018\/01\/25\/de-nouvelles-infrastructures-modernes-dans-la-prefecture-du-golfe\/","title":{"rendered":"De nouvelles infrastructures modernes dans la pr\u00e9fecture du Golfe"},"content":{"rendered":"<p>le Pr\u00e9fet du Golfe, le Col Awat\u00e9 Hodabalo <em>(photo coup de pioche)<\/em>, accompagn\u00e9 du Pr\u00e9sident de la d\u00e9l\u00e9gation sp\u00e9ciale de la pr\u00e9fecture du Golfe Kossi Aboka <em>(photo interview)<\/em>, ainsi que d&rsquo;une forte d\u00e9l\u00e9gation, a entam\u00e9 une tourn\u00e9e de premier coup de pioche de certaines infrastructures publiques dans plusieurs cantons de la pr\u00e9fecture ce jeudi 25 janvier.<\/p>\n<p>La construction de ces \u00e9difices publics s&rsquo;inscrit dans la droite ligne des actions prioritaires de d\u00e9veloppement et vient d\u00e9blayer le terrain d&rsquo;autonomisation de ces localit\u00e9s dans le cadre du processus de d\u00e9centralisation en marche dans notre pays<img fetchpriority=\"high\" decoding=\"async\" class=\"size-medium wp-image-2261 alignright\" src=\"https:\/\/228news.tg\/wp-content\/uploads\/2024\/09\/photo_2018-01-25_20-47-56-300x225.jpg\" alt=\"\" width=\"300\" height=\"225\" \/><\/p>\n<p>Il s&rsquo;agit en l&rsquo;occurrence de la construction d&rsquo;une cl\u00f4ture de la gare routi\u00e8re d&rsquo;Agbal\u00e9p\u00e9dogan, d&rsquo;un \u00e9tat civil et d&rsquo;un abattoir avec une chambre froide \u00e0 Togbl\u00e9kop\u00e9, et enfin d&rsquo;un \u00e9tat civil \u00e0 Baguida<\/p>\n<p>Pour le pr\u00e9fet du Golfe, la construction de ces \u00e9tats civils modernes r\u00e9pond aux besoins d&rsquo;\u00e9tablir des actes de naissance \u00e0 tous les togolais naissant dans ces cantons Il a relev\u00e9 le fait que sur\u00a0 10 faux actes de naissance de la pr\u00e9fecture du Golfe, 08 proviennent du canton de Baguida; aussi il incombe \u00e0 la pr\u00e9fecture de trouver des voies et moyens pour pallier \u00e0 cela.<\/p>\n<p>La mise en place d&rsquo;un abattoir moderne \u00e9quip\u00e9 d&rsquo;une chambre froide au march\u00e9 des b\u00e9tails de Togbl\u00e9kop\u00e9 vise \u00e0 permettre aux bouchers et charcutiers de livrer de la viande propre, destin\u00e9e \u00e0 la consommation des populations.<\/p>\n<p>Partout, il a exhort\u00e9 les populations \u00e0 faciliter le travail aux entreprises attributaire des march\u00e9s par une appropriation du projet, signaler d&rsquo;\u00e9ventuelles anomalies et manquements, demander aux entreprises de respecter les cahiers de charges et surtout de livrer les ouvrages dans les d\u00e9lais impartis.<\/p>\n<p><img decoding=\"async\" class=\"alignleft size-medium wp-image-2262\" src=\"https:\/\/228news.tg\/wp-content\/uploads\/2024\/09\/photo_2018-01-25_20-47-46-300x225.jpg\" alt=\"\" width=\"300\" height=\"225\" \/>Financ\u00e9s sur fonds propres de la pr\u00e9fecture, ces c\u00e9r\u00e9monies ont \u00e9t\u00e9 l&rsquo;occasion pour le Pr\u00e9sident de la D\u00e9l\u00e9gation Sp\u00e9ciale de la Pr\u00e9fecture du Golfe, d&rsquo;interpeller une fois de plus les populations sur la n\u00e9cessit\u00e9 de s&rsquo;acquitter des imp\u00f4ts, taxes et autres droits, ainsi que celle d&rsquo;utiliser \u00e0 bon escient ces ouvrages.<\/p>\n<p>Il s&rsquo;agit notamment des tickets de march\u00e9s, des droits de carri\u00e8res, d&rsquo;encombrements, de boutiques,&#8230;.<\/p>\n<p>A Baguida, la probl\u00e9matique de l&rsquo;utilisation du march\u00e9 moderne construit que les populations rechignent \u00e0 fr\u00e9quenter a \u00e9t\u00e9 donc soulev\u00e9e.<\/p>\n<p>\u00ab\u00a0Nous sommes comme des abeilles qui se nourrissent du miel qu&rsquo;elles produisent\u00a0\u00bb, a d\u00e9clar\u00e9 M. Aboka \u00e0 cet \u00e9gard, rappelant aux populations que ce march\u00e9 moderne laiss\u00e9 en d\u00e9su\u00e9tude est un manque \u00e0 gagner pour la communaut\u00e9. Les chefs locaux, responsables des CDQ de m\u00eames que des responsables des diff\u00e9rentes associations de commer\u00e7ants ont \u00e9t\u00e9 invit\u00e9s \u00e0 accorder leurs violons dans les plus brefs d\u00e9lais.<\/p>\n<p>L&rsquo;abattoir de Togbl\u00e9kop\u00e9 va co\u00fbter en tout 52.440.207 FCFA tandis que l&rsquo;\u00e9tat civil de la m\u00eame localit\u00e9 co\u00fbtera 21.340.612 FCFA. A Baguida, c&rsquo;est au total 18.766.828 FCFA que co\u00fbteront les travaux.<\/p>\n<p>Les b\u00e2timents d&rsquo;\u00e9tat civil seront construits en rez de chauss\u00e9e\u00a0 avec deux bureaux, une salle polyvalente am\u00e9nageable en bureau, 04 toilettes dont deux en interne, des escaliers et une terrasse servant de salle d&rsquo;attente, le tout sur un espace de 125 m\u00b2. Les travaux vont durer 04 mois.<\/p>\n<p>La tourn\u00e9e se poursuit ce vendredi 26 janvier \u00e0 Adidogom\u00e9.<\/p>\n<p><strong>D\u00e9mocrate<\/strong><\/p>\n","protected":false},"excerpt":{"rendered":"<p>le Pr\u00e9fet du Golfe, le Col Awat\u00e9 Hodabalo (photo coup de pioche), accompagn\u00e9 du Pr\u00e9sident de la d\u00e9l\u00e9gation sp\u00e9ciale de la pr\u00e9fecture du Golfe Kossi Aboka (photo interview), ainsi que d&rsquo;une forte d\u00e9l\u00e9gation, a entam\u00e9 une tourn\u00e9e de premier coup de pioche de certaines infrastructures publiques dans plusieurs cantons de la pr\u00e9fecture ce jeudi 25 &#8230; <a title=\"De nouvelles infrastructures modernes dans la pr\u00e9fecture du Golfe\" class=\"read-more\" href=\"https:\/\/228news.tg\/index.php\/2018\/01\/25\/de-nouvelles-infrastructures-modernes-dans-la-prefecture-du-golfe\/\" aria-label=\"En savoir plus sur De nouvelles infrastructures modernes dans la pr\u00e9fecture du Golfe\">Lire la suite<\/a><\/p>\n","protected":false},"author":2,"featured_media":1138,"comment_status":"open","ping_status":"open","sticky":false,"template":"","format":"standard","meta":{"footnotes":""},"categories":[31,35,25,34],"tags":[],"class_list":["post-1134","post","type-post","status-publish","format-standard","has-post-thumbnail","hentry","category-developpement","category-flash","category-togo","category-une"],"yoast_head":"<!-- This site is optimized with the Yoast SEO plugin v26.4 - https:\/\/yoast.com\/wordpress\/plugins\/seo\/ -->\n<title>De nouvelles infrastructures modernes dans la pr\u00e9fecture du Golfe - 228 News<\/title>\n<meta name=\"robots\" content=\"index, follow, max-snippet:-1, max-image-preview:large, max-video-preview:-1\" \/>\n<link rel=\"canonical\" href=\"https:\/\/228news.tg\/index.php\/2018\/01\/25\/de-nouvelles-infrastructures-modernes-dans-la-prefecture-du-golfe\/\" \/>\n<meta property=\"og:locale\" content=\"fr_FR\" \/>\n<meta property=\"og:type\" content=\"article\" \/>\n<meta property=\"og:title\" content=\"De nouvelles infrastructures modernes dans la pr\u00e9fecture du Golfe - 228 News\" \/>\n<meta property=\"og:description\" content=\"le Pr\u00e9fet du Golfe, le Col Awat\u00e9 Hodabalo (photo coup de pioche), accompagn\u00e9 du Pr\u00e9sident de la d\u00e9l\u00e9gation sp\u00e9ciale de la pr\u00e9fecture du Golfe Kossi Aboka (photo interview), ainsi que d&rsquo;une forte d\u00e9l\u00e9gation, a entam\u00e9 une tourn\u00e9e de premier coup de pioche de certaines infrastructures publiques dans plusieurs cantons de la pr\u00e9fecture ce jeudi 25 ... Lire la suite\" \/>\n<meta property=\"og:url\" content=\"https:\/\/228news.tg\/index.php\/2018\/01\/25\/de-nouvelles-infrastructures-modernes-dans-la-prefecture-du-golfe\/\" \/>\n<meta property=\"og:site_name\" content=\"228 News\" \/>\n<meta property=\"article:published_time\" content=\"2018-01-25T00:00:00+00:00\" \/>\n<meta property=\"article:modified_time\" content=\"2024-09-09T14:04:33+00:00\" \/>\n<meta property=\"og:image\" content=\"https:\/\/228news.tg\/wp-content\/uploads\/2024\/09\/photo_2018-01-25_20-47-52.jpg\" \/>\n\t<meta property=\"og:image:width\" content=\"1280\" \/>\n\t<meta property=\"og:image:height\" content=\"960\" \/>\n\t<meta property=\"og:image:type\" content=\"image\/jpeg\" \/>\n<meta name=\"author\" content=\"Bienvenu SAVI\" \/>\n<meta name=\"twitter:card\" content=\"summary_large_image\" \/>\n<meta name=\"twitter:label1\" content=\"\u00c9crit par\" \/>\n\t<meta name=\"twitter:data1\" content=\"Bienvenu SAVI\" \/>\n\t<meta name=\"twitter:label2\" content=\"Dur\u00e9e de lecture estim\u00e9e\" \/>\n\t<meta name=\"twitter:data2\" content=\"3 minutes\" \/>\n<script type=\"application\/ld+json\" class=\"yoast-schema-graph\">{\"@context\":\"https:\/\/schema.org\",\"@graph\":[{\"@type\":\"Article\",\"@id\":\"https:\/\/228news.tg\/index.php\/2018\/01\/25\/de-nouvelles-infrastructures-modernes-dans-la-prefecture-du-golfe\/#article\",\"isPartOf\":{\"@id\":\"https:\/\/228news.tg\/index.php\/2018\/01\/25\/de-nouvelles-infrastructures-modernes-dans-la-prefecture-du-golfe\/\"},\"author\":{\"name\":\"Bienvenu SAVI\",\"@id\":\"https:\/\/228news.tg\/#\/schema\/person\/68d5a6cc0230290e61235c8379523f52\"},\"headline\":\"De nouvelles infrastructures modernes dans la pr\u00e9fecture du Golfe\",\"datePublished\":\"2018-01-25T00:00:00+00:00\",\"dateModified\":\"2024-09-09T14:04:33+00:00\",\"mainEntityOfPage\":{\"@id\":\"https:\/\/228news.tg\/index.php\/2018\/01\/25\/de-nouvelles-infrastructures-modernes-dans-la-prefecture-du-golfe\/\"},\"wordCount\":588,\"commentCount\":0,\"publisher\":{\"@id\":\"https:\/\/228news.tg\/#organization\"},\"image\":{\"@id\":\"https:\/\/228news.tg\/index.php\/2018\/01\/25\/de-nouvelles-infrastructures-modernes-dans-la-prefecture-du-golfe\/#primaryimage\"},\"thumbnailUrl\":\"https:\/\/228news.tg\/wp-content\/uploads\/2024\/09\/photo_2018-01-25_20-47-52.jpg\",\"articleSection\":[\"DEVELOPPEMENT\",\"Flash\",\"TOGO\",\"Une\"],\"inLanguage\":\"fr-FR\",\"potentialAction\":[{\"@type\":\"CommentAction\",\"name\":\"Comment\",\"target\":[\"https:\/\/228news.tg\/index.php\/2018\/01\/25\/de-nouvelles-infrastructures-modernes-dans-la-prefecture-du-golfe\/#respond\"]}]},{\"@type\":\"WebPage\",\"@id\":\"https:\/\/228news.tg\/index.php\/2018\/01\/25\/de-nouvelles-infrastructures-modernes-dans-la-prefecture-du-golfe\/\",\"url\":\"https:\/\/228news.tg\/index.php\/2018\/01\/25\/de-nouvelles-infrastructures-modernes-dans-la-prefecture-du-golfe\/\",\"name\":\"De nouvelles infrastructures modernes dans la pr\u00e9fecture du Golfe - 228 News\",\"isPartOf\":{\"@id\":\"https:\/\/228news.tg\/#website\"},\"primaryImageOfPage\":{\"@id\":\"https:\/\/228news.tg\/index.php\/2018\/01\/25\/de-nouvelles-infrastructures-modernes-dans-la-prefecture-du-golfe\/#primaryimage\"},\"image\":{\"@id\":\"https:\/\/228news.tg\/index.php\/2018\/01\/25\/de-nouvelles-infrastructures-modernes-dans-la-prefecture-du-golfe\/#primaryimage\"},\"thumbnailUrl\":\"https:\/\/228news.tg\/wp-content\/uploads\/2024\/09\/photo_2018-01-25_20-47-52.jpg\",\"datePublished\":\"2018-01-25T00:00:00+00:00\",\"dateModified\":\"2024-09-09T14:04:33+00:00\",\"breadcrumb\":{\"@id\":\"https:\/\/228news.tg\/index.php\/2018\/01\/25\/de-nouvelles-infrastructures-modernes-dans-la-prefecture-du-golfe\/#breadcrumb\"},\"inLanguage\":\"fr-FR\",\"potentialAction\":[{\"@type\":\"ReadAction\",\"target\":[\"https:\/\/228news.tg\/index.php\/2018\/01\/25\/de-nouvelles-infrastructures-modernes-dans-la-prefecture-du-golfe\/\"]}]},{\"@type\":\"ImageObject\",\"inLanguage\":\"fr-FR\",\"@id\":\"https:\/\/228news.tg\/index.php\/2018\/01\/25\/de-nouvelles-infrastructures-modernes-dans-la-prefecture-du-golfe\/#primaryimage\",\"url\":\"https:\/\/228news.tg\/wp-content\/uploads\/2024\/09\/photo_2018-01-25_20-47-52.jpg\",\"contentUrl\":\"https:\/\/228news.tg\/wp-content\/uploads\/2024\/09\/photo_2018-01-25_20-47-52.jpg\",\"width\":1280,\"height\":960},{\"@type\":\"BreadcrumbList\",\"@id\":\"https:\/\/228news.tg\/index.php\/2018\/01\/25\/de-nouvelles-infrastructures-modernes-dans-la-prefecture-du-golfe\/#breadcrumb\",\"itemListElement\":[{\"@type\":\"ListItem\",\"position\":1,\"name\":\"Home\",\"item\":\"https:\/\/228news.tg\/\"},{\"@type\":\"ListItem\",\"position\":2,\"name\":\"De nouvelles infrastructures modernes dans la pr\u00e9fecture du Golfe\"}]},{\"@type\":\"WebSite\",\"@id\":\"https:\/\/228news.tg\/#website\",\"url\":\"https:\/\/228news.tg\/\",\"name\":\"228 News\",\"description\":\"Soci\u00e9t\u00e9 de m\u00e9dias et d\u2019actualit\u00e9s\",\"publisher\":{\"@id\":\"https:\/\/228news.tg\/#organization\"},\"potentialAction\":[{\"@type\":\"SearchAction\",\"target\":{\"@type\":\"EntryPoint\",\"urlTemplate\":\"https:\/\/228news.tg\/?s={search_term_string}\"},\"query-input\":{\"@type\":\"PropertyValueSpecification\",\"valueRequired\":true,\"valueName\":\"search_term_string\"}}],\"inLanguage\":\"fr-FR\"},{\"@type\":\"Organization\",\"@id\":\"https:\/\/228news.tg\/#organization\",\"name\":\"228 News\",\"url\":\"https:\/\/228news.tg\/\",\"logo\":{\"@type\":\"ImageObject\",\"inLanguage\":\"fr-FR\",\"@id\":\"https:\/\/228news.tg\/#\/schema\/logo\/image\/\",\"url\":\"https:\/\/228news.tg\/wp-content\/uploads\/2024\/09\/logonew.png\",\"contentUrl\":\"https:\/\/228news.tg\/wp-content\/uploads\/2024\/09\/logonew.png\",\"width\":1640,\"height\":364,\"caption\":\"228 News\"},\"image\":{\"@id\":\"https:\/\/228news.tg\/#\/schema\/logo\/image\/\"}},{\"@type\":\"Person\",\"@id\":\"https:\/\/228news.tg\/#\/schema\/person\/68d5a6cc0230290e61235c8379523f52\",\"name\":\"Bienvenu SAVI\",\"image\":{\"@type\":\"ImageObject\",\"inLanguage\":\"fr-FR\",\"@id\":\"https:\/\/228news.tg\/#\/schema\/person\/image\/\",\"url\":\"https:\/\/secure.gravatar.com\/avatar\/9db91895c559e510509c33a3e9683998458e9b828fac36d5d1aa23f0f2fd369b?s=96&d=mm&r=g\",\"contentUrl\":\"https:\/\/secure.gravatar.com\/avatar\/9db91895c559e510509c33a3e9683998458e9b828fac36d5d1aa23f0f2fd369b?s=96&d=mm&r=g\",\"caption\":\"Bienvenu SAVI\"},\"url\":\"https:\/\/228news.tg\/index.php\/author\/bienvenu\/\"}]}<\/script>\n<!-- \/ Yoast SEO plugin. -->","yoast_head_json":{"title":"De nouvelles infrastructures modernes dans la pr\u00e9fecture du Golfe - 228 News","robots":{"index":"index","follow":"follow","max-snippet":"max-snippet:-1","max-image-preview":"max-image-preview:large","max-video-preview":"max-video-preview:-1"},"canonical":"https:\/\/228news.tg\/index.php\/2018\/01\/25\/de-nouvelles-infrastructures-modernes-dans-la-prefecture-du-golfe\/","og_locale":"fr_FR","og_type":"article","og_title":"De nouvelles infrastructures modernes dans la pr\u00e9fecture du Golfe - 228 News","og_description":"le Pr\u00e9fet du Golfe, le Col Awat\u00e9 Hodabalo (photo coup de pioche), accompagn\u00e9 du Pr\u00e9sident de la d\u00e9l\u00e9gation sp\u00e9ciale de la pr\u00e9fecture du Golfe Kossi Aboka (photo interview), ainsi que d&rsquo;une forte d\u00e9l\u00e9gation, a entam\u00e9 une tourn\u00e9e de premier coup de pioche de certaines infrastructures publiques dans plusieurs cantons de la pr\u00e9fecture ce jeudi 25 ... Lire la suite","og_url":"https:\/\/228news.tg\/index.php\/2018\/01\/25\/de-nouvelles-infrastructures-modernes-dans-la-prefecture-du-golfe\/","og_site_name":"228 News","article_published_time":"2018-01-25T00:00:00+00:00","article_modified_time":"2024-09-09T14:04:33+00:00","og_image":[{"width":1280,"height":960,"url":"https:\/\/228news.tg\/wp-content\/uploads\/2024\/09\/photo_2018-01-25_20-47-52.jpg","type":"image\/jpeg"}],"author":"Bienvenu SAVI","twitter_card":"summary_large_image","twitter_misc":{"\u00c9crit par":"Bienvenu SAVI","Dur\u00e9e de lecture estim\u00e9e":"3 minutes"},"schema":{"@context":"https:\/\/schema.org","@graph":[{"@type":"Article","@id":"https:\/\/228news.tg\/index.php\/2018\/01\/25\/de-nouvelles-infrastructures-modernes-dans-la-prefecture-du-golfe\/#article","isPartOf":{"@id":"https:\/\/228news.tg\/index.php\/2018\/01\/25\/de-nouvelles-infrastructures-modernes-dans-la-prefecture-du-golfe\/"},"author":{"name":"Bienvenu SAVI","@id":"https:\/\/228news.tg\/#\/schema\/person\/68d5a6cc0230290e61235c8379523f52"},"headline":"De nouvelles infrastructures modernes dans la pr\u00e9fecture du Golfe","datePublished":"2018-01-25T00:00:00+00:00","dateModified":"2024-09-09T14:04:33+00:00","mainEntityOfPage":{"@id":"https:\/\/228news.tg\/index.php\/2018\/01\/25\/de-nouvelles-infrastructures-modernes-dans-la-prefecture-du-golfe\/"},"wordCount":588,"commentCount":0,"publisher":{"@id":"https:\/\/228news.tg\/#organization"},"image":{"@id":"https:\/\/228news.tg\/index.php\/2018\/01\/25\/de-nouvelles-infrastructures-modernes-dans-la-prefecture-du-golfe\/#primaryimage"},"thumbnailUrl":"https:\/\/228news.tg\/wp-content\/uploads\/2024\/09\/photo_2018-01-25_20-47-52.jpg","articleSection":["DEVELOPPEMENT","Flash","TOGO","Une"],"inLanguage":"fr-FR","potentialAction":[{"@type":"CommentAction","name":"Comment","target":["https:\/\/228news.tg\/index.php\/2018\/01\/25\/de-nouvelles-infrastructures-modernes-dans-la-prefecture-du-golfe\/#respond"]}]},{"@type":"WebPage","@id":"https:\/\/228news.tg\/index.php\/2018\/01\/25\/de-nouvelles-infrastructures-modernes-dans-la-prefecture-du-golfe\/","url":"https:\/\/228news.tg\/index.php\/2018\/01\/25\/de-nouvelles-infrastructures-modernes-dans-la-prefecture-du-golfe\/","name":"De nouvelles infrastructures modernes dans la pr\u00e9fecture du Golfe - 228 News","isPartOf":{"@id":"https:\/\/228news.tg\/#website"},"primaryImageOfPage":{"@id":"https:\/\/228news.tg\/index.php\/2018\/01\/25\/de-nouvelles-infrastructures-modernes-dans-la-prefecture-du-golfe\/#primaryimage"},"image":{"@id":"https:\/\/228news.tg\/index.php\/2018\/01\/25\/de-nouvelles-infrastructures-modernes-dans-la-prefecture-du-golfe\/#primaryimage"},"thumbnailUrl":"https:\/\/228news.tg\/wp-content\/uploads\/2024\/09\/photo_2018-01-25_20-47-52.jpg","datePublished":"2018-01-25T00:00:00+00:00","dateModified":"2024-09-09T14:04:33+00:00","breadcrumb":{"@id":"https:\/\/228news.tg\/index.php\/2018\/01\/25\/de-nouvelles-infrastructures-modernes-dans-la-prefecture-du-golfe\/#breadcrumb"},"inLanguage":"fr-FR","potentialAction":[{"@type":"ReadAction","target":["https:\/\/228news.tg\/index.php\/2018\/01\/25\/de-nouvelles-infrastructures-modernes-dans-la-prefecture-du-golfe\/"]}]},{"@type":"ImageObject","inLanguage":"fr-FR","@id":"https:\/\/228news.tg\/index.php\/2018\/01\/25\/de-nouvelles-infrastructures-modernes-dans-la-prefecture-du-golfe\/#primaryimage","url":"https:\/\/228news.tg\/wp-content\/uploads\/2024\/09\/photo_2018-01-25_20-47-52.jpg","contentUrl":"https:\/\/228news.tg\/wp-content\/uploads\/2024\/09\/photo_2018-01-25_20-47-52.jpg","width":1280,"height":960},{"@type":"BreadcrumbList","@id":"https:\/\/228news.tg\/index.php\/2018\/01\/25\/de-nouvelles-infrastructures-modernes-dans-la-prefecture-du-golfe\/#breadcrumb","itemListElement":[{"@type":"ListItem","position":1,"name":"Home","item":"https:\/\/228news.tg\/"},{"@type":"ListItem","position":2,"name":"De nouvelles infrastructures modernes dans la pr\u00e9fecture du Golfe"}]},{"@type":"WebSite","@id":"https:\/\/228news.tg\/#website","url":"https:\/\/228news.tg\/","name":"228 News","description":"Soci\u00e9t\u00e9 de m\u00e9dias et d\u2019actualit\u00e9s","publisher":{"@id":"https:\/\/228news.tg\/#organization"},"potentialAction":[{"@type":"SearchAction","target":{"@type":"EntryPoint","urlTemplate":"https:\/\/228news.tg\/?s={search_term_string}"},"query-input":{"@type":"PropertyValueSpecification","valueRequired":true,"valueName":"search_term_string"}}],"inLanguage":"fr-FR"},{"@type":"Organization","@id":"https:\/\/228news.tg\/#organization","name":"228 News","url":"https:\/\/228news.tg\/","logo":{"@type":"ImageObject","inLanguage":"fr-FR","@id":"https:\/\/228news.tg\/#\/schema\/logo\/image\/","url":"https:\/\/228news.tg\/wp-content\/uploads\/2024\/09\/logonew.png","contentUrl":"https:\/\/228news.tg\/wp-content\/uploads\/2024\/09\/logonew.png","width":1640,"height":364,"caption":"228 News"},"image":{"@id":"https:\/\/228news.tg\/#\/schema\/logo\/image\/"}},{"@type":"Person","@id":"https:\/\/228news.tg\/#\/schema\/person\/68d5a6cc0230290e61235c8379523f52","name":"Bienvenu SAVI","image":{"@type":"ImageObject","inLanguage":"fr-FR","@id":"https:\/\/228news.tg\/#\/schema\/person\/image\/","url":"https:\/\/secure.gravatar.com\/avatar\/9db91895c559e510509c33a3e9683998458e9b828fac36d5d1aa23f0f2fd369b?s=96&d=mm&r=g","contentUrl":"https:\/\/secure.gravatar.com\/avatar\/9db91895c559e510509c33a3e9683998458e9b828fac36d5d1aa23f0f2fd369b?s=96&d=mm&r=g","caption":"Bienvenu SAVI"},"url":"https:\/\/228news.tg\/index.php\/author\/bienvenu\/"}]}},"jetpack_featured_media_url":"https:\/\/228news.tg\/wp-content\/uploads\/2024\/09\/photo_2018-01-25_20-47-52.jpg","_links":{"self":[{"href":"https:\/\/228news.tg\/index.php\/wp-json\/wp\/v2\/posts\/1134","targetHints":{"allow":["GET"]}}],"collection":[{"href":"https:\/\/228news.tg\/index.php\/wp-json\/wp\/v2\/posts"}],"about":[{"href":"https:\/\/228news.tg\/index.php\/wp-json\/wp\/v2\/types\/post"}],"author":[{"embeddable":true,"href":"https:\/\/228news.tg\/index.php\/wp-json\/wp\/v2\/users\/2"}],"replies":[{"embeddable":true,"href":"https:\/\/228news.tg\/index.php\/wp-json\/wp\/v2\/comments?post=1134"}],"version-history":[{"count":1,"href":"https:\/\/228news.tg\/index.php\/wp-json\/wp\/v2\/posts\/1134\/revisions"}],"predecessor-version":[{"id":1137,"href":"https:\/\/228news.tg\/index.php\/wp-json\/wp\/v2\/posts\/1134\/revisions\/1137"}],"wp:featuredmedia":[{"embeddable":true,"href":"https:\/\/228news.tg\/index.php\/wp-json\/wp\/v2\/media\/1138"}],"wp:attachment":[{"href":"https:\/\/228news.tg\/index.php\/wp-json\/wp\/v2\/media?parent=1134"}],"wp:term":[{"taxonomy":"category","embeddable":true,"href":"https:\/\/228news.tg\/index.php\/wp-json\/wp\/v2\/categories?post=1134"},{"taxonomy":"post_tag","embeddable":true,"href":"https:\/\/228news.tg\/index.php\/wp-json\/wp\/v2\/tags?post=1134"}],"curies":[{"name":"wp","href":"https:\/\/api.w.org\/{rel}","templated":true}]}}