{"id":1122,"date":"2018-01-18T00:00:00","date_gmt":"2018-01-18T00:00:00","guid":{"rendered":"https:\/\/228news.tg\/index.php\/2018\/01\/18\/hacame-21-ans-deja-une-plethore-dactivites-pour-marquer-levenement\/"},"modified":"2018-01-18T00:00:00","modified_gmt":"2018-01-18T00:00:00","slug":"hacame-21-ans-deja-une-plethore-dactivites-pour-marquer-levenement","status":"publish","type":"post","link":"https:\/\/228news.tg\/index.php\/2018\/01\/18\/hacame-21-ans-deja-une-plethore-dactivites-pour-marquer-levenement\/","title":{"rendered":"HACAME, 21 ans d\u00e9j\u00e0: Une pl\u00e9thore d&rsquo;activit\u00e9s pour marquer l&rsquo;\u00e9v\u00e9nement"},"content":{"rendered":"<p>Le Haut Conseil de Coordination des Associations et Mouvements Estudiantins(HaCAME),\u00a0 a lanc\u00e9 les activit\u00e9s comm\u00e9moratives de sa vingt et uni\u00e8me ann\u00e9e d&rsquo;existence ce mercredi 17 janvier \u00e0 l&rsquo;Universit\u00e9 de Lom\u00e9.<\/p>\n<p>Le lancement a \u00e9t\u00e9 fait par Mme Kp\u00e9gbah Kafui, deuxi\u00e8me Vice Pr\u00e9sidente de l&rsquo;UL au cours d&rsquo;une grande conf\u00e9rence d\u00e9bat mise sous le signe de l&rsquo;engagement des \u00e9tudiants de l&rsquo;UL au service du d\u00e9veloppement par une culture de la paix.<\/p>\n<p>Mme Kp\u00e9gbah a salu\u00e9 l&rsquo;engagement civique et citoyen de cette association universitaires en vue d&rsquo;am\u00e9liorer les conditions de vie et d&rsquo;\u00e9tudes des \u00e9tudiants togolais. Pour elle, apr\u00e8s 21 ans d&rsquo;activit\u00e9s, les contextes, enjeux, probl\u00e8mes et d\u00e9fis ne sont plus les m\u00eames. Aussi a-t-elle vivement encourag\u00e9 le HACAME \u00e0 s&rsquo;adapter malgr\u00e9 l&rsquo;usure du temps\u00a0 \u00e0 son cheval de bataille en l&rsquo;orientant vers les enjeux de l&rsquo;heure.<\/p>\n<p>\u00ab\u00a0Face aux nombreux d\u00e9fis auxquels l&rsquo;UL fait face de nos jours, nous avons besoin non pas des associations destructrices ou nihilistes, mais des structures associatives qui devront appuyer les autorit\u00e9s universitaires\u00a0 dans leur qu\u00eate permanente du bien \u00eatre de l&rsquo;\u00e9tudiant et de toute la communaut\u00e9 universitaire\u00a0\u00bb, a-t-elle d\u00e9clar\u00e9.<\/p>\n<p>TCHEDRE Piou, Pr\u00e9sident en exercice du HaCAME a fait part de son satisfecit par rapport aux diff\u00e9rentes avanc\u00e9s notables sur le campus, dues \u00e0 la culture du dialogue avec les autorit\u00e9s universitaires. Il a salu\u00e9 les nouvelles r\u00e9alisations, que ce soit des amphis aux routes, en passant par les bancs publics et le wifi. Il a pour finir plaid\u00e9 par une revue \u00e0 la hausse des allocations et bourses estudiantines afin d&rsquo;aider davantage l&rsquo;\u00e9tudiant togolais \u00e0 mieux vivre dans son environnement d&rsquo;\u00e9tudes.<\/p>\n<p>\u00ab\u00a0Apr\u00e8s 21 ans d\u2019existence de son association, le bilan est positif, en ce concerne les revendications relatives \u00e0 l\u2019am\u00e9lioration des conditions d\u2019\u00e9tudes et de vie des \u00e9tudiants, et aussi des activit\u00e9s que nous avons men\u00e9. Il reste n\u00e9anmoins beaucoup de choses \u00e0 parfaire pour un mieux vivre des \u00e9tudiants.\u00a0Il va falloir, par exemple, rehausser le taux des allocations et bourses, et pour que cela soit r\u00e9alis\u00e9 nous allons accentu\u00e9s les d\u00e9marches que nous avons d\u00e9j\u00e0 commenc\u00e9 \u00e0 cet effet \u00bb, a confi\u00e9 Tch\u00e9dr\u00e9 Piou.<\/p>\n<p>Les activit\u00e9s comm\u00e9moratives s&rsquo;\u00e9tendent jusqu&rsquo;au vendredi 19 janvier prochain avec une pl\u00e9thore d&rsquo;activit\u00e9s sportives, culturelles, intellectuelles,&#8230;. Cr\u00e9e en 1997, le HACAME s&rsquo;est donn\u00e9 pour mission de d\u00e9fendre les int\u00e9r\u00eats des \u00e9tudiants, mais dans un environnement o\u00f9 les ambiances revendicatives doivent \u00eatre fond\u00e9es sur le dialogue.<\/p>\n<p><strong>D\u00e9mocrate<\/strong><\/p>\n<p><strong>(00228) 91 85 40 14<\/strong><\/p>\n<p><strong>98 60 67 68<\/strong><\/p>\n<p><strong>democrate2010@gmail.com<\/strong><\/p>\n","protected":false},"excerpt":{"rendered":"<p>Le Haut Conseil de Coordination des Associations et Mouvements Estudiantins(HaCAME),\u00a0 a lanc\u00e9 les activit\u00e9s comm\u00e9moratives de sa vingt et uni\u00e8me ann\u00e9e d&rsquo;existence ce mercredi 17 janvier \u00e0 l&rsquo;Universit\u00e9 de Lom\u00e9. Le lancement a \u00e9t\u00e9 fait par Mme Kp\u00e9gbah Kafui, deuxi\u00e8me Vice Pr\u00e9sidente de l&rsquo;UL au cours d&rsquo;une grande conf\u00e9rence d\u00e9bat mise sous le signe de &#8230; <a title=\"HACAME, 21 ans d\u00e9j\u00e0: Une pl\u00e9thore d&rsquo;activit\u00e9s pour marquer l&rsquo;\u00e9v\u00e9nement\" class=\"read-more\" href=\"https:\/\/228news.tg\/index.php\/2018\/01\/18\/hacame-21-ans-deja-une-plethore-dactivites-pour-marquer-levenement\/\" aria-label=\"En savoir plus sur HACAME, 21 ans d\u00e9j\u00e0: Une pl\u00e9thore d&rsquo;activit\u00e9s pour marquer l&rsquo;\u00e9v\u00e9nement\">Lire la suite<\/a><\/p>\n","protected":false},"author":2,"featured_media":1123,"comment_status":"open","ping_status":"open","sticky":false,"template":"","format":"standard","meta":{"footnotes":""},"categories":[28,35,25,34],"tags":[],"class_list":["post-1122","post","type-post","status-publish","format-standard","has-post-thumbnail","hentry","category-education","category-flash","category-togo","category-une"],"yoast_head":"<!-- This site is optimized with the Yoast SEO plugin v26.4 - https:\/\/yoast.com\/wordpress\/plugins\/seo\/ -->\n<title>HACAME, 21 ans d\u00e9j\u00e0: Une pl\u00e9thore d&#039;activit\u00e9s pour marquer l&#039;\u00e9v\u00e9nement - 228 News<\/title>\n<meta name=\"robots\" content=\"index, follow, max-snippet:-1, max-image-preview:large, max-video-preview:-1\" \/>\n<link rel=\"canonical\" href=\"https:\/\/228news.tg\/index.php\/2018\/01\/18\/hacame-21-ans-deja-une-plethore-dactivites-pour-marquer-levenement\/\" \/>\n<meta property=\"og:locale\" content=\"fr_FR\" \/>\n<meta property=\"og:type\" content=\"article\" \/>\n<meta property=\"og:title\" content=\"HACAME, 21 ans d\u00e9j\u00e0: Une pl\u00e9thore d&#039;activit\u00e9s pour marquer l&#039;\u00e9v\u00e9nement - 228 News\" \/>\n<meta property=\"og:description\" content=\"Le Haut Conseil de Coordination des Associations et Mouvements Estudiantins(HaCAME),\u00a0 a lanc\u00e9 les activit\u00e9s comm\u00e9moratives de sa vingt et uni\u00e8me ann\u00e9e d&rsquo;existence ce mercredi 17 janvier \u00e0 l&rsquo;Universit\u00e9 de Lom\u00e9. Le lancement a \u00e9t\u00e9 fait par Mme Kp\u00e9gbah Kafui, deuxi\u00e8me Vice Pr\u00e9sidente de l&rsquo;UL au cours d&rsquo;une grande conf\u00e9rence d\u00e9bat mise sous le signe de ... Lire la suite\" \/>\n<meta property=\"og:url\" content=\"https:\/\/228news.tg\/index.php\/2018\/01\/18\/hacame-21-ans-deja-une-plethore-dactivites-pour-marquer-levenement\/\" \/>\n<meta property=\"og:site_name\" content=\"228 News\" \/>\n<meta property=\"article:published_time\" content=\"2018-01-18T00:00:00+00:00\" \/>\n<meta property=\"og:image\" content=\"https:\/\/228news.tg\/wp-content\/uploads\/2024\/09\/photo_2018-01-18_08-45-11.jpg\" \/>\n\t<meta property=\"og:image:width\" content=\"1280\" \/>\n\t<meta property=\"og:image:height\" content=\"960\" \/>\n\t<meta property=\"og:image:type\" content=\"image\/jpeg\" \/>\n<meta name=\"author\" content=\"Bienvenu SAVI\" \/>\n<meta name=\"twitter:card\" content=\"summary_large_image\" \/>\n<meta name=\"twitter:label1\" content=\"\u00c9crit par\" \/>\n\t<meta name=\"twitter:data1\" content=\"Bienvenu SAVI\" \/>\n\t<meta name=\"twitter:label2\" content=\"Dur\u00e9e de lecture estim\u00e9e\" \/>\n\t<meta name=\"twitter:data2\" content=\"2 minutes\" \/>\n<script type=\"application\/ld+json\" class=\"yoast-schema-graph\">{\"@context\":\"https:\/\/schema.org\",\"@graph\":[{\"@type\":\"Article\",\"@id\":\"https:\/\/228news.tg\/index.php\/2018\/01\/18\/hacame-21-ans-deja-une-plethore-dactivites-pour-marquer-levenement\/#article\",\"isPartOf\":{\"@id\":\"https:\/\/228news.tg\/index.php\/2018\/01\/18\/hacame-21-ans-deja-une-plethore-dactivites-pour-marquer-levenement\/\"},\"author\":{\"name\":\"Bienvenu SAVI\",\"@id\":\"https:\/\/228news.tg\/#\/schema\/person\/68d5a6cc0230290e61235c8379523f52\"},\"headline\":\"HACAME, 21 ans d\u00e9j\u00e0: Une pl\u00e9thore d&rsquo;activit\u00e9s pour marquer l&rsquo;\u00e9v\u00e9nement\",\"datePublished\":\"2018-01-18T00:00:00+00:00\",\"mainEntityOfPage\":{\"@id\":\"https:\/\/228news.tg\/index.php\/2018\/01\/18\/hacame-21-ans-deja-une-plethore-dactivites-pour-marquer-levenement\/\"},\"wordCount\":471,\"commentCount\":0,\"publisher\":{\"@id\":\"https:\/\/228news.tg\/#organization\"},\"image\":{\"@id\":\"https:\/\/228news.tg\/index.php\/2018\/01\/18\/hacame-21-ans-deja-une-plethore-dactivites-pour-marquer-levenement\/#primaryimage\"},\"thumbnailUrl\":\"https:\/\/228news.tg\/wp-content\/uploads\/2024\/09\/photo_2018-01-18_08-45-11.jpg\",\"articleSection\":[\"EDUCATION\",\"Flash\",\"TOGO\",\"Une\"],\"inLanguage\":\"fr-FR\",\"potentialAction\":[{\"@type\":\"CommentAction\",\"name\":\"Comment\",\"target\":[\"https:\/\/228news.tg\/index.php\/2018\/01\/18\/hacame-21-ans-deja-une-plethore-dactivites-pour-marquer-levenement\/#respond\"]}]},{\"@type\":\"WebPage\",\"@id\":\"https:\/\/228news.tg\/index.php\/2018\/01\/18\/hacame-21-ans-deja-une-plethore-dactivites-pour-marquer-levenement\/\",\"url\":\"https:\/\/228news.tg\/index.php\/2018\/01\/18\/hacame-21-ans-deja-une-plethore-dactivites-pour-marquer-levenement\/\",\"name\":\"HACAME, 21 ans d\u00e9j\u00e0: Une pl\u00e9thore d'activit\u00e9s pour marquer l'\u00e9v\u00e9nement - 228 News\",\"isPartOf\":{\"@id\":\"https:\/\/228news.tg\/#website\"},\"primaryImageOfPage\":{\"@id\":\"https:\/\/228news.tg\/index.php\/2018\/01\/18\/hacame-21-ans-deja-une-plethore-dactivites-pour-marquer-levenement\/#primaryimage\"},\"image\":{\"@id\":\"https:\/\/228news.tg\/index.php\/2018\/01\/18\/hacame-21-ans-deja-une-plethore-dactivites-pour-marquer-levenement\/#primaryimage\"},\"thumbnailUrl\":\"https:\/\/228news.tg\/wp-content\/uploads\/2024\/09\/photo_2018-01-18_08-45-11.jpg\",\"datePublished\":\"2018-01-18T00:00:00+00:00\",\"breadcrumb\":{\"@id\":\"https:\/\/228news.tg\/index.php\/2018\/01\/18\/hacame-21-ans-deja-une-plethore-dactivites-pour-marquer-levenement\/#breadcrumb\"},\"inLanguage\":\"fr-FR\",\"potentialAction\":[{\"@type\":\"ReadAction\",\"target\":[\"https:\/\/228news.tg\/index.php\/2018\/01\/18\/hacame-21-ans-deja-une-plethore-dactivites-pour-marquer-levenement\/\"]}]},{\"@type\":\"ImageObject\",\"inLanguage\":\"fr-FR\",\"@id\":\"https:\/\/228news.tg\/index.php\/2018\/01\/18\/hacame-21-ans-deja-une-plethore-dactivites-pour-marquer-levenement\/#primaryimage\",\"url\":\"https:\/\/228news.tg\/wp-content\/uploads\/2024\/09\/photo_2018-01-18_08-45-11.jpg\",\"contentUrl\":\"https:\/\/228news.tg\/wp-content\/uploads\/2024\/09\/photo_2018-01-18_08-45-11.jpg\",\"width\":1280,\"height\":960},{\"@type\":\"BreadcrumbList\",\"@id\":\"https:\/\/228news.tg\/index.php\/2018\/01\/18\/hacame-21-ans-deja-une-plethore-dactivites-pour-marquer-levenement\/#breadcrumb\",\"itemListElement\":[{\"@type\":\"ListItem\",\"position\":1,\"name\":\"Home\",\"item\":\"https:\/\/228news.tg\/\"},{\"@type\":\"ListItem\",\"position\":2,\"name\":\"HACAME, 21 ans d\u00e9j\u00e0: Une pl\u00e9thore d&rsquo;activit\u00e9s pour marquer l&rsquo;\u00e9v\u00e9nement\"}]},{\"@type\":\"WebSite\",\"@id\":\"https:\/\/228news.tg\/#website\",\"url\":\"https:\/\/228news.tg\/\",\"name\":\"228 News\",\"description\":\"Soci\u00e9t\u00e9 de m\u00e9dias et d\u2019actualit\u00e9s\",\"publisher\":{\"@id\":\"https:\/\/228news.tg\/#organization\"},\"potentialAction\":[{\"@type\":\"SearchAction\",\"target\":{\"@type\":\"EntryPoint\",\"urlTemplate\":\"https:\/\/228news.tg\/?s={search_term_string}\"},\"query-input\":{\"@type\":\"PropertyValueSpecification\",\"valueRequired\":true,\"valueName\":\"search_term_string\"}}],\"inLanguage\":\"fr-FR\"},{\"@type\":\"Organization\",\"@id\":\"https:\/\/228news.tg\/#organization\",\"name\":\"228 News\",\"url\":\"https:\/\/228news.tg\/\",\"logo\":{\"@type\":\"ImageObject\",\"inLanguage\":\"fr-FR\",\"@id\":\"https:\/\/228news.tg\/#\/schema\/logo\/image\/\",\"url\":\"https:\/\/228news.tg\/wp-content\/uploads\/2024\/09\/logonew.png\",\"contentUrl\":\"https:\/\/228news.tg\/wp-content\/uploads\/2024\/09\/logonew.png\",\"width\":1640,\"height\":364,\"caption\":\"228 News\"},\"image\":{\"@id\":\"https:\/\/228news.tg\/#\/schema\/logo\/image\/\"}},{\"@type\":\"Person\",\"@id\":\"https:\/\/228news.tg\/#\/schema\/person\/68d5a6cc0230290e61235c8379523f52\",\"name\":\"Bienvenu SAVI\",\"image\":{\"@type\":\"ImageObject\",\"inLanguage\":\"fr-FR\",\"@id\":\"https:\/\/228news.tg\/#\/schema\/person\/image\/\",\"url\":\"https:\/\/secure.gravatar.com\/avatar\/9db91895c559e510509c33a3e9683998458e9b828fac36d5d1aa23f0f2fd369b?s=96&d=mm&r=g\",\"contentUrl\":\"https:\/\/secure.gravatar.com\/avatar\/9db91895c559e510509c33a3e9683998458e9b828fac36d5d1aa23f0f2fd369b?s=96&d=mm&r=g\",\"caption\":\"Bienvenu SAVI\"},\"url\":\"https:\/\/228news.tg\/index.php\/author\/bienvenu\/\"}]}<\/script>\n<!-- \/ Yoast SEO plugin. -->","yoast_head_json":{"title":"HACAME, 21 ans d\u00e9j\u00e0: Une pl\u00e9thore d'activit\u00e9s pour marquer l'\u00e9v\u00e9nement - 228 News","robots":{"index":"index","follow":"follow","max-snippet":"max-snippet:-1","max-image-preview":"max-image-preview:large","max-video-preview":"max-video-preview:-1"},"canonical":"https:\/\/228news.tg\/index.php\/2018\/01\/18\/hacame-21-ans-deja-une-plethore-dactivites-pour-marquer-levenement\/","og_locale":"fr_FR","og_type":"article","og_title":"HACAME, 21 ans d\u00e9j\u00e0: Une pl\u00e9thore d'activit\u00e9s pour marquer l'\u00e9v\u00e9nement - 228 News","og_description":"Le Haut Conseil de Coordination des Associations et Mouvements Estudiantins(HaCAME),\u00a0 a lanc\u00e9 les activit\u00e9s comm\u00e9moratives de sa vingt et uni\u00e8me ann\u00e9e d&rsquo;existence ce mercredi 17 janvier \u00e0 l&rsquo;Universit\u00e9 de Lom\u00e9. Le lancement a \u00e9t\u00e9 fait par Mme Kp\u00e9gbah Kafui, deuxi\u00e8me Vice Pr\u00e9sidente de l&rsquo;UL au cours d&rsquo;une grande conf\u00e9rence d\u00e9bat mise sous le signe de ... Lire la suite","og_url":"https:\/\/228news.tg\/index.php\/2018\/01\/18\/hacame-21-ans-deja-une-plethore-dactivites-pour-marquer-levenement\/","og_site_name":"228 News","article_published_time":"2018-01-18T00:00:00+00:00","og_image":[{"width":1280,"height":960,"url":"https:\/\/228news.tg\/wp-content\/uploads\/2024\/09\/photo_2018-01-18_08-45-11.jpg","type":"image\/jpeg"}],"author":"Bienvenu SAVI","twitter_card":"summary_large_image","twitter_misc":{"\u00c9crit par":"Bienvenu SAVI","Dur\u00e9e de lecture estim\u00e9e":"2 minutes"},"schema":{"@context":"https:\/\/schema.org","@graph":[{"@type":"Article","@id":"https:\/\/228news.tg\/index.php\/2018\/01\/18\/hacame-21-ans-deja-une-plethore-dactivites-pour-marquer-levenement\/#article","isPartOf":{"@id":"https:\/\/228news.tg\/index.php\/2018\/01\/18\/hacame-21-ans-deja-une-plethore-dactivites-pour-marquer-levenement\/"},"author":{"name":"Bienvenu SAVI","@id":"https:\/\/228news.tg\/#\/schema\/person\/68d5a6cc0230290e61235c8379523f52"},"headline":"HACAME, 21 ans d\u00e9j\u00e0: Une pl\u00e9thore d&rsquo;activit\u00e9s pour marquer l&rsquo;\u00e9v\u00e9nement","datePublished":"2018-01-18T00:00:00+00:00","mainEntityOfPage":{"@id":"https:\/\/228news.tg\/index.php\/2018\/01\/18\/hacame-21-ans-deja-une-plethore-dactivites-pour-marquer-levenement\/"},"wordCount":471,"commentCount":0,"publisher":{"@id":"https:\/\/228news.tg\/#organization"},"image":{"@id":"https:\/\/228news.tg\/index.php\/2018\/01\/18\/hacame-21-ans-deja-une-plethore-dactivites-pour-marquer-levenement\/#primaryimage"},"thumbnailUrl":"https:\/\/228news.tg\/wp-content\/uploads\/2024\/09\/photo_2018-01-18_08-45-11.jpg","articleSection":["EDUCATION","Flash","TOGO","Une"],"inLanguage":"fr-FR","potentialAction":[{"@type":"CommentAction","name":"Comment","target":["https:\/\/228news.tg\/index.php\/2018\/01\/18\/hacame-21-ans-deja-une-plethore-dactivites-pour-marquer-levenement\/#respond"]}]},{"@type":"WebPage","@id":"https:\/\/228news.tg\/index.php\/2018\/01\/18\/hacame-21-ans-deja-une-plethore-dactivites-pour-marquer-levenement\/","url":"https:\/\/228news.tg\/index.php\/2018\/01\/18\/hacame-21-ans-deja-une-plethore-dactivites-pour-marquer-levenement\/","name":"HACAME, 21 ans d\u00e9j\u00e0: Une pl\u00e9thore d'activit\u00e9s pour marquer l'\u00e9v\u00e9nement - 228 News","isPartOf":{"@id":"https:\/\/228news.tg\/#website"},"primaryImageOfPage":{"@id":"https:\/\/228news.tg\/index.php\/2018\/01\/18\/hacame-21-ans-deja-une-plethore-dactivites-pour-marquer-levenement\/#primaryimage"},"image":{"@id":"https:\/\/228news.tg\/index.php\/2018\/01\/18\/hacame-21-ans-deja-une-plethore-dactivites-pour-marquer-levenement\/#primaryimage"},"thumbnailUrl":"https:\/\/228news.tg\/wp-content\/uploads\/2024\/09\/photo_2018-01-18_08-45-11.jpg","datePublished":"2018-01-18T00:00:00+00:00","breadcrumb":{"@id":"https:\/\/228news.tg\/index.php\/2018\/01\/18\/hacame-21-ans-deja-une-plethore-dactivites-pour-marquer-levenement\/#breadcrumb"},"inLanguage":"fr-FR","potentialAction":[{"@type":"ReadAction","target":["https:\/\/228news.tg\/index.php\/2018\/01\/18\/hacame-21-ans-deja-une-plethore-dactivites-pour-marquer-levenement\/"]}]},{"@type":"ImageObject","inLanguage":"fr-FR","@id":"https:\/\/228news.tg\/index.php\/2018\/01\/18\/hacame-21-ans-deja-une-plethore-dactivites-pour-marquer-levenement\/#primaryimage","url":"https:\/\/228news.tg\/wp-content\/uploads\/2024\/09\/photo_2018-01-18_08-45-11.jpg","contentUrl":"https:\/\/228news.tg\/wp-content\/uploads\/2024\/09\/photo_2018-01-18_08-45-11.jpg","width":1280,"height":960},{"@type":"BreadcrumbList","@id":"https:\/\/228news.tg\/index.php\/2018\/01\/18\/hacame-21-ans-deja-une-plethore-dactivites-pour-marquer-levenement\/#breadcrumb","itemListElement":[{"@type":"ListItem","position":1,"name":"Home","item":"https:\/\/228news.tg\/"},{"@type":"ListItem","position":2,"name":"HACAME, 21 ans d\u00e9j\u00e0: Une pl\u00e9thore d&rsquo;activit\u00e9s pour marquer l&rsquo;\u00e9v\u00e9nement"}]},{"@type":"WebSite","@id":"https:\/\/228news.tg\/#website","url":"https:\/\/228news.tg\/","name":"228 News","description":"Soci\u00e9t\u00e9 de m\u00e9dias et d\u2019actualit\u00e9s","publisher":{"@id":"https:\/\/228news.tg\/#organization"},"potentialAction":[{"@type":"SearchAction","target":{"@type":"EntryPoint","urlTemplate":"https:\/\/228news.tg\/?s={search_term_string}"},"query-input":{"@type":"PropertyValueSpecification","valueRequired":true,"valueName":"search_term_string"}}],"inLanguage":"fr-FR"},{"@type":"Organization","@id":"https:\/\/228news.tg\/#organization","name":"228 News","url":"https:\/\/228news.tg\/","logo":{"@type":"ImageObject","inLanguage":"fr-FR","@id":"https:\/\/228news.tg\/#\/schema\/logo\/image\/","url":"https:\/\/228news.tg\/wp-content\/uploads\/2024\/09\/logonew.png","contentUrl":"https:\/\/228news.tg\/wp-content\/uploads\/2024\/09\/logonew.png","width":1640,"height":364,"caption":"228 News"},"image":{"@id":"https:\/\/228news.tg\/#\/schema\/logo\/image\/"}},{"@type":"Person","@id":"https:\/\/228news.tg\/#\/schema\/person\/68d5a6cc0230290e61235c8379523f52","name":"Bienvenu SAVI","image":{"@type":"ImageObject","inLanguage":"fr-FR","@id":"https:\/\/228news.tg\/#\/schema\/person\/image\/","url":"https:\/\/secure.gravatar.com\/avatar\/9db91895c559e510509c33a3e9683998458e9b828fac36d5d1aa23f0f2fd369b?s=96&d=mm&r=g","contentUrl":"https:\/\/secure.gravatar.com\/avatar\/9db91895c559e510509c33a3e9683998458e9b828fac36d5d1aa23f0f2fd369b?s=96&d=mm&r=g","caption":"Bienvenu SAVI"},"url":"https:\/\/228news.tg\/index.php\/author\/bienvenu\/"}]}},"jetpack_featured_media_url":"https:\/\/228news.tg\/wp-content\/uploads\/2024\/09\/photo_2018-01-18_08-45-11.jpg","_links":{"self":[{"href":"https:\/\/228news.tg\/index.php\/wp-json\/wp\/v2\/posts\/1122","targetHints":{"allow":["GET"]}}],"collection":[{"href":"https:\/\/228news.tg\/index.php\/wp-json\/wp\/v2\/posts"}],"about":[{"href":"https:\/\/228news.tg\/index.php\/wp-json\/wp\/v2\/types\/post"}],"author":[{"embeddable":true,"href":"https:\/\/228news.tg\/index.php\/wp-json\/wp\/v2\/users\/2"}],"replies":[{"embeddable":true,"href":"https:\/\/228news.tg\/index.php\/wp-json\/wp\/v2\/comments?post=1122"}],"version-history":[{"count":0,"href":"https:\/\/228news.tg\/index.php\/wp-json\/wp\/v2\/posts\/1122\/revisions"}],"wp:featuredmedia":[{"embeddable":true,"href":"https:\/\/228news.tg\/index.php\/wp-json\/wp\/v2\/media\/1123"}],"wp:attachment":[{"href":"https:\/\/228news.tg\/index.php\/wp-json\/wp\/v2\/media?parent=1122"}],"wp:term":[{"taxonomy":"category","embeddable":true,"href":"https:\/\/228news.tg\/index.php\/wp-json\/wp\/v2\/categories?post=1122"},{"taxonomy":"post_tag","embeddable":true,"href":"https:\/\/228news.tg\/index.php\/wp-json\/wp\/v2\/tags?post=1122"}],"curies":[{"name":"wp","href":"https:\/\/api.w.org\/{rel}","templated":true}]}}