{"id":1117,"date":"2018-01-18T00:00:00","date_gmt":"2018-01-18T00:00:00","guid":{"rendered":"https:\/\/228news.tg\/index.php\/2018\/01\/18\/tous-aux-journees-portes-ouvertes-et-dintegration-de-lesmc\/"},"modified":"2024-09-09T14:04:29","modified_gmt":"2024-09-09T14:04:29","slug":"tous-aux-journees-portes-ouvertes-et-dintegration-de-lesmc","status":"publish","type":"post","link":"https:\/\/228news.tg\/index.php\/2018\/01\/18\/tous-aux-journees-portes-ouvertes-et-dintegration-de-lesmc\/","title":{"rendered":"Tous aux journ\u00e9es portes ouvertes et d&rsquo;int\u00e9gration de l&rsquo;ESMC"},"content":{"rendered":"<p>L\u2019Entreprise Sociale de March\u00e9 Commun (ESMC) a ouvert ses portes ce mercredi 17 janvier au public togolais pour une meilleure connaissance et int\u00e9gration de ses offres et services.<\/p>\n<p>L\u2019op\u00e9ration qui va durer trois jours se tient au si\u00e8ge de l\u2019entreprise sous le th\u00e8me \u00ab\u00a0Technologies ESMC\/MCNP, quatre activit\u00e9s de productions commune pour la r\u00e9alisation effective des 17 ODD\u00a0\u00bb.\u00a0<img fetchpriority=\"high\" decoding=\"async\" class=\"alignleft size-medium wp-image-2234\" src=\"https:\/\/228news.tg\/wp-content\/uploads\/2024\/09\/photo_2018-01-18_08-44-53-300x225.jpg\" alt=\"\" width=\"300\" height=\"225\" \/><\/p>\n<p>Pour le Directeur g\u00e9n\u00e9ral de l\u2019ESMC, Essohamlo Sama, il s\u2019agit de mettre un coup de projecteur sur l\u2019offre innovante que l\u2019ESMC en tant qu\u2019entit\u00e9 et syst\u00e8me de march\u00e9 commun offre aux Togolais afin de sortir des difficult\u00e9s quotidiennes et de r\u00e9aliser les objectifs de d\u00e9veloppement durable \u00e0 l\u2019horizon 2030.<\/p>\n<p>Aussi quatre th\u00e9matiques majeures, caract\u00e9risant le processus d\u2019adh\u00e9sion et de fonctionnement de l\u2019entreprise meubleront ces journ\u00e9es portes ouvertes de l\u2019ESMC. Il s\u2019agit en l\u2019occurrence de la souscription au compte marchand et aux banques de transformation pour soi et pour tiers, l\u2019achat et la vente en ligne contre, l\u2019achat et vente r\u00e9ciproque en qui de rentre le syst\u00e8me p\u00e9renne et dynamique et enfin la prestation de services pour la production commune.<\/p>\n<p>L\u2019ESMC est con\u00e7ue en sorte que l\u2019acheteur et le vendeur b\u00e9n\u00e9ficient \u00e0 tout moment des avantages \u00e0 chaque op\u00e9ration. Ces op\u00e9rations, a rappel\u00e9 SAMA Essohamlo, nous les faisons au quotidien. Avec l\u2019ESMC, nous les feront avec des avantages de toutes sortes, ce qui est b\u00e9n\u00e9fique pour tous et s\u2019inscrit dans cette vision de r\u00e9alisation des ODD.<img decoding=\"async\" class=\"size-medium wp-image-2235 alignright\" src=\"https:\/\/228news.tg\/wp-content\/uploads\/2024\/09\/photo_2018-01-18_08-44-37-300x225.jpg\" alt=\"\" width=\"300\" height=\"225\" \/><\/p>\n<p>Les deux premi\u00e8res journ\u00e9es de ces JPO sera d\u00e9di\u00e9e aux diff\u00e9rentes prestations de services et offres de l&rsquo;ESMC tandis que la derni\u00e8re sera une journ\u00e9e d&rsquo;int\u00e9gration o\u00f9 les partenaires de l&rsquo;entreprise seront mis en relief.<\/p>\n<p>Titulaire de 125 certificats de l\u2019Organisation Africaine de la Propri\u00e9t\u00e9 Intellectuelle porteur d\u2019une innovation technologique au service des ODDs, l\u2019ESMC convie toutes les populations \u00e0 venir \u00e0 sa d\u00e9couverte jusqu\u2019au 19 janvier prochain.<\/p>\n<p><strong>D\u00e9mocrate<\/strong><\/p>\n<p><strong>(00228) 91 85 40 14<\/strong><\/p>\n<p><strong>98 60 67 68<\/strong><\/p>\n<p><strong>democrate2010@gmail.com<\/strong><\/p>\n","protected":false},"excerpt":{"rendered":"<p>L\u2019Entreprise Sociale de March\u00e9 Commun (ESMC) a ouvert ses portes ce mercredi 17 janvier au public togolais pour une meilleure connaissance et int\u00e9gration de ses offres et services. L\u2019op\u00e9ration qui va durer trois jours se tient au si\u00e8ge de l\u2019entreprise sous le th\u00e8me \u00ab\u00a0Technologies ESMC\/MCNP, quatre activit\u00e9s de productions commune pour la r\u00e9alisation effective des &#8230; <a title=\"Tous aux journ\u00e9es portes ouvertes et d&rsquo;int\u00e9gration de l&rsquo;ESMC\" class=\"read-more\" href=\"https:\/\/228news.tg\/index.php\/2018\/01\/18\/tous-aux-journees-portes-ouvertes-et-dintegration-de-lesmc\/\" aria-label=\"En savoir plus sur Tous aux journ\u00e9es portes ouvertes et d&rsquo;int\u00e9gration de l&rsquo;ESMC\">Lire la suite<\/a><\/p>\n","protected":false},"author":2,"featured_media":1121,"comment_status":"open","ping_status":"open","sticky":false,"template":"","format":"standard","meta":{"footnotes":""},"categories":[31,35,25,34],"tags":[],"class_list":["post-1117","post","type-post","status-publish","format-standard","has-post-thumbnail","hentry","category-developpement","category-flash","category-togo","category-une"],"yoast_head":"<!-- This site is optimized with the Yoast SEO plugin v26.4 - https:\/\/yoast.com\/wordpress\/plugins\/seo\/ -->\n<title>Tous aux journ\u00e9es portes ouvertes et d&#039;int\u00e9gration de l&#039;ESMC - 228 News<\/title>\n<meta name=\"robots\" content=\"index, follow, max-snippet:-1, max-image-preview:large, max-video-preview:-1\" \/>\n<link rel=\"canonical\" href=\"https:\/\/228news.tg\/index.php\/2018\/01\/18\/tous-aux-journees-portes-ouvertes-et-dintegration-de-lesmc\/\" \/>\n<meta property=\"og:locale\" content=\"fr_FR\" \/>\n<meta property=\"og:type\" content=\"article\" \/>\n<meta property=\"og:title\" content=\"Tous aux journ\u00e9es portes ouvertes et d&#039;int\u00e9gration de l&#039;ESMC - 228 News\" \/>\n<meta property=\"og:description\" content=\"L\u2019Entreprise Sociale de March\u00e9 Commun (ESMC) a ouvert ses portes ce mercredi 17 janvier au public togolais pour une meilleure connaissance et int\u00e9gration de ses offres et services. L\u2019op\u00e9ration qui va durer trois jours se tient au si\u00e8ge de l\u2019entreprise sous le th\u00e8me \u00ab\u00a0Technologies ESMC\/MCNP, quatre activit\u00e9s de productions commune pour la r\u00e9alisation effective des ... Lire la suite\" \/>\n<meta property=\"og:url\" content=\"https:\/\/228news.tg\/index.php\/2018\/01\/18\/tous-aux-journees-portes-ouvertes-et-dintegration-de-lesmc\/\" \/>\n<meta property=\"og:site_name\" content=\"228 News\" \/>\n<meta property=\"article:published_time\" content=\"2018-01-18T00:00:00+00:00\" \/>\n<meta property=\"article:modified_time\" content=\"2024-09-09T14:04:29+00:00\" \/>\n<meta property=\"og:image\" content=\"https:\/\/228news.tg\/wp-content\/uploads\/2024\/09\/photo_2018-01-18_08-44-48.jpg\" \/>\n\t<meta property=\"og:image:width\" content=\"1280\" \/>\n\t<meta property=\"og:image:height\" content=\"960\" \/>\n\t<meta property=\"og:image:type\" content=\"image\/jpeg\" \/>\n<meta name=\"author\" content=\"Bienvenu SAVI\" \/>\n<meta name=\"twitter:card\" content=\"summary_large_image\" \/>\n<meta name=\"twitter:label1\" content=\"\u00c9crit par\" \/>\n\t<meta name=\"twitter:data1\" content=\"Bienvenu SAVI\" \/>\n\t<meta name=\"twitter:label2\" content=\"Dur\u00e9e de lecture estim\u00e9e\" \/>\n\t<meta name=\"twitter:data2\" content=\"2 minutes\" \/>\n<script type=\"application\/ld+json\" class=\"yoast-schema-graph\">{\"@context\":\"https:\/\/schema.org\",\"@graph\":[{\"@type\":\"Article\",\"@id\":\"https:\/\/228news.tg\/index.php\/2018\/01\/18\/tous-aux-journees-portes-ouvertes-et-dintegration-de-lesmc\/#article\",\"isPartOf\":{\"@id\":\"https:\/\/228news.tg\/index.php\/2018\/01\/18\/tous-aux-journees-portes-ouvertes-et-dintegration-de-lesmc\/\"},\"author\":{\"name\":\"Bienvenu SAVI\",\"@id\":\"https:\/\/228news.tg\/#\/schema\/person\/68d5a6cc0230290e61235c8379523f52\"},\"headline\":\"Tous aux journ\u00e9es portes ouvertes et d&rsquo;int\u00e9gration de l&rsquo;ESMC\",\"datePublished\":\"2018-01-18T00:00:00+00:00\",\"dateModified\":\"2024-09-09T14:04:29+00:00\",\"mainEntityOfPage\":{\"@id\":\"https:\/\/228news.tg\/index.php\/2018\/01\/18\/tous-aux-journees-portes-ouvertes-et-dintegration-de-lesmc\/\"},\"wordCount\":373,\"commentCount\":0,\"publisher\":{\"@id\":\"https:\/\/228news.tg\/#organization\"},\"image\":{\"@id\":\"https:\/\/228news.tg\/index.php\/2018\/01\/18\/tous-aux-journees-portes-ouvertes-et-dintegration-de-lesmc\/#primaryimage\"},\"thumbnailUrl\":\"https:\/\/228news.tg\/wp-content\/uploads\/2024\/09\/photo_2018-01-18_08-44-48.jpg\",\"articleSection\":[\"DEVELOPPEMENT\",\"Flash\",\"TOGO\",\"Une\"],\"inLanguage\":\"fr-FR\",\"potentialAction\":[{\"@type\":\"CommentAction\",\"name\":\"Comment\",\"target\":[\"https:\/\/228news.tg\/index.php\/2018\/01\/18\/tous-aux-journees-portes-ouvertes-et-dintegration-de-lesmc\/#respond\"]}]},{\"@type\":\"WebPage\",\"@id\":\"https:\/\/228news.tg\/index.php\/2018\/01\/18\/tous-aux-journees-portes-ouvertes-et-dintegration-de-lesmc\/\",\"url\":\"https:\/\/228news.tg\/index.php\/2018\/01\/18\/tous-aux-journees-portes-ouvertes-et-dintegration-de-lesmc\/\",\"name\":\"Tous aux journ\u00e9es portes ouvertes et d'int\u00e9gration de l'ESMC - 228 News\",\"isPartOf\":{\"@id\":\"https:\/\/228news.tg\/#website\"},\"primaryImageOfPage\":{\"@id\":\"https:\/\/228news.tg\/index.php\/2018\/01\/18\/tous-aux-journees-portes-ouvertes-et-dintegration-de-lesmc\/#primaryimage\"},\"image\":{\"@id\":\"https:\/\/228news.tg\/index.php\/2018\/01\/18\/tous-aux-journees-portes-ouvertes-et-dintegration-de-lesmc\/#primaryimage\"},\"thumbnailUrl\":\"https:\/\/228news.tg\/wp-content\/uploads\/2024\/09\/photo_2018-01-18_08-44-48.jpg\",\"datePublished\":\"2018-01-18T00:00:00+00:00\",\"dateModified\":\"2024-09-09T14:04:29+00:00\",\"breadcrumb\":{\"@id\":\"https:\/\/228news.tg\/index.php\/2018\/01\/18\/tous-aux-journees-portes-ouvertes-et-dintegration-de-lesmc\/#breadcrumb\"},\"inLanguage\":\"fr-FR\",\"potentialAction\":[{\"@type\":\"ReadAction\",\"target\":[\"https:\/\/228news.tg\/index.php\/2018\/01\/18\/tous-aux-journees-portes-ouvertes-et-dintegration-de-lesmc\/\"]}]},{\"@type\":\"ImageObject\",\"inLanguage\":\"fr-FR\",\"@id\":\"https:\/\/228news.tg\/index.php\/2018\/01\/18\/tous-aux-journees-portes-ouvertes-et-dintegration-de-lesmc\/#primaryimage\",\"url\":\"https:\/\/228news.tg\/wp-content\/uploads\/2024\/09\/photo_2018-01-18_08-44-48.jpg\",\"contentUrl\":\"https:\/\/228news.tg\/wp-content\/uploads\/2024\/09\/photo_2018-01-18_08-44-48.jpg\",\"width\":1280,\"height\":960},{\"@type\":\"BreadcrumbList\",\"@id\":\"https:\/\/228news.tg\/index.php\/2018\/01\/18\/tous-aux-journees-portes-ouvertes-et-dintegration-de-lesmc\/#breadcrumb\",\"itemListElement\":[{\"@type\":\"ListItem\",\"position\":1,\"name\":\"Home\",\"item\":\"https:\/\/228news.tg\/\"},{\"@type\":\"ListItem\",\"position\":2,\"name\":\"Tous aux journ\u00e9es portes ouvertes et d&rsquo;int\u00e9gration de l&rsquo;ESMC\"}]},{\"@type\":\"WebSite\",\"@id\":\"https:\/\/228news.tg\/#website\",\"url\":\"https:\/\/228news.tg\/\",\"name\":\"228 News\",\"description\":\"Soci\u00e9t\u00e9 de m\u00e9dias et d\u2019actualit\u00e9s\",\"publisher\":{\"@id\":\"https:\/\/228news.tg\/#organization\"},\"potentialAction\":[{\"@type\":\"SearchAction\",\"target\":{\"@type\":\"EntryPoint\",\"urlTemplate\":\"https:\/\/228news.tg\/?s={search_term_string}\"},\"query-input\":{\"@type\":\"PropertyValueSpecification\",\"valueRequired\":true,\"valueName\":\"search_term_string\"}}],\"inLanguage\":\"fr-FR\"},{\"@type\":\"Organization\",\"@id\":\"https:\/\/228news.tg\/#organization\",\"name\":\"228 News\",\"url\":\"https:\/\/228news.tg\/\",\"logo\":{\"@type\":\"ImageObject\",\"inLanguage\":\"fr-FR\",\"@id\":\"https:\/\/228news.tg\/#\/schema\/logo\/image\/\",\"url\":\"https:\/\/228news.tg\/wp-content\/uploads\/2024\/09\/logonew.png\",\"contentUrl\":\"https:\/\/228news.tg\/wp-content\/uploads\/2024\/09\/logonew.png\",\"width\":1640,\"height\":364,\"caption\":\"228 News\"},\"image\":{\"@id\":\"https:\/\/228news.tg\/#\/schema\/logo\/image\/\"}},{\"@type\":\"Person\",\"@id\":\"https:\/\/228news.tg\/#\/schema\/person\/68d5a6cc0230290e61235c8379523f52\",\"name\":\"Bienvenu SAVI\",\"image\":{\"@type\":\"ImageObject\",\"inLanguage\":\"fr-FR\",\"@id\":\"https:\/\/228news.tg\/#\/schema\/person\/image\/\",\"url\":\"https:\/\/secure.gravatar.com\/avatar\/9db91895c559e510509c33a3e9683998458e9b828fac36d5d1aa23f0f2fd369b?s=96&d=mm&r=g\",\"contentUrl\":\"https:\/\/secure.gravatar.com\/avatar\/9db91895c559e510509c33a3e9683998458e9b828fac36d5d1aa23f0f2fd369b?s=96&d=mm&r=g\",\"caption\":\"Bienvenu SAVI\"},\"url\":\"https:\/\/228news.tg\/index.php\/author\/bienvenu\/\"}]}<\/script>\n<!-- \/ Yoast SEO plugin. -->","yoast_head_json":{"title":"Tous aux journ\u00e9es portes ouvertes et d'int\u00e9gration de l'ESMC - 228 News","robots":{"index":"index","follow":"follow","max-snippet":"max-snippet:-1","max-image-preview":"max-image-preview:large","max-video-preview":"max-video-preview:-1"},"canonical":"https:\/\/228news.tg\/index.php\/2018\/01\/18\/tous-aux-journees-portes-ouvertes-et-dintegration-de-lesmc\/","og_locale":"fr_FR","og_type":"article","og_title":"Tous aux journ\u00e9es portes ouvertes et d'int\u00e9gration de l'ESMC - 228 News","og_description":"L\u2019Entreprise Sociale de March\u00e9 Commun (ESMC) a ouvert ses portes ce mercredi 17 janvier au public togolais pour une meilleure connaissance et int\u00e9gration de ses offres et services. L\u2019op\u00e9ration qui va durer trois jours se tient au si\u00e8ge de l\u2019entreprise sous le th\u00e8me \u00ab\u00a0Technologies ESMC\/MCNP, quatre activit\u00e9s de productions commune pour la r\u00e9alisation effective des ... Lire la suite","og_url":"https:\/\/228news.tg\/index.php\/2018\/01\/18\/tous-aux-journees-portes-ouvertes-et-dintegration-de-lesmc\/","og_site_name":"228 News","article_published_time":"2018-01-18T00:00:00+00:00","article_modified_time":"2024-09-09T14:04:29+00:00","og_image":[{"width":1280,"height":960,"url":"https:\/\/228news.tg\/wp-content\/uploads\/2024\/09\/photo_2018-01-18_08-44-48.jpg","type":"image\/jpeg"}],"author":"Bienvenu SAVI","twitter_card":"summary_large_image","twitter_misc":{"\u00c9crit par":"Bienvenu SAVI","Dur\u00e9e de lecture estim\u00e9e":"2 minutes"},"schema":{"@context":"https:\/\/schema.org","@graph":[{"@type":"Article","@id":"https:\/\/228news.tg\/index.php\/2018\/01\/18\/tous-aux-journees-portes-ouvertes-et-dintegration-de-lesmc\/#article","isPartOf":{"@id":"https:\/\/228news.tg\/index.php\/2018\/01\/18\/tous-aux-journees-portes-ouvertes-et-dintegration-de-lesmc\/"},"author":{"name":"Bienvenu SAVI","@id":"https:\/\/228news.tg\/#\/schema\/person\/68d5a6cc0230290e61235c8379523f52"},"headline":"Tous aux journ\u00e9es portes ouvertes et d&rsquo;int\u00e9gration de l&rsquo;ESMC","datePublished":"2018-01-18T00:00:00+00:00","dateModified":"2024-09-09T14:04:29+00:00","mainEntityOfPage":{"@id":"https:\/\/228news.tg\/index.php\/2018\/01\/18\/tous-aux-journees-portes-ouvertes-et-dintegration-de-lesmc\/"},"wordCount":373,"commentCount":0,"publisher":{"@id":"https:\/\/228news.tg\/#organization"},"image":{"@id":"https:\/\/228news.tg\/index.php\/2018\/01\/18\/tous-aux-journees-portes-ouvertes-et-dintegration-de-lesmc\/#primaryimage"},"thumbnailUrl":"https:\/\/228news.tg\/wp-content\/uploads\/2024\/09\/photo_2018-01-18_08-44-48.jpg","articleSection":["DEVELOPPEMENT","Flash","TOGO","Une"],"inLanguage":"fr-FR","potentialAction":[{"@type":"CommentAction","name":"Comment","target":["https:\/\/228news.tg\/index.php\/2018\/01\/18\/tous-aux-journees-portes-ouvertes-et-dintegration-de-lesmc\/#respond"]}]},{"@type":"WebPage","@id":"https:\/\/228news.tg\/index.php\/2018\/01\/18\/tous-aux-journees-portes-ouvertes-et-dintegration-de-lesmc\/","url":"https:\/\/228news.tg\/index.php\/2018\/01\/18\/tous-aux-journees-portes-ouvertes-et-dintegration-de-lesmc\/","name":"Tous aux journ\u00e9es portes ouvertes et d'int\u00e9gration de l'ESMC - 228 News","isPartOf":{"@id":"https:\/\/228news.tg\/#website"},"primaryImageOfPage":{"@id":"https:\/\/228news.tg\/index.php\/2018\/01\/18\/tous-aux-journees-portes-ouvertes-et-dintegration-de-lesmc\/#primaryimage"},"image":{"@id":"https:\/\/228news.tg\/index.php\/2018\/01\/18\/tous-aux-journees-portes-ouvertes-et-dintegration-de-lesmc\/#primaryimage"},"thumbnailUrl":"https:\/\/228news.tg\/wp-content\/uploads\/2024\/09\/photo_2018-01-18_08-44-48.jpg","datePublished":"2018-01-18T00:00:00+00:00","dateModified":"2024-09-09T14:04:29+00:00","breadcrumb":{"@id":"https:\/\/228news.tg\/index.php\/2018\/01\/18\/tous-aux-journees-portes-ouvertes-et-dintegration-de-lesmc\/#breadcrumb"},"inLanguage":"fr-FR","potentialAction":[{"@type":"ReadAction","target":["https:\/\/228news.tg\/index.php\/2018\/01\/18\/tous-aux-journees-portes-ouvertes-et-dintegration-de-lesmc\/"]}]},{"@type":"ImageObject","inLanguage":"fr-FR","@id":"https:\/\/228news.tg\/index.php\/2018\/01\/18\/tous-aux-journees-portes-ouvertes-et-dintegration-de-lesmc\/#primaryimage","url":"https:\/\/228news.tg\/wp-content\/uploads\/2024\/09\/photo_2018-01-18_08-44-48.jpg","contentUrl":"https:\/\/228news.tg\/wp-content\/uploads\/2024\/09\/photo_2018-01-18_08-44-48.jpg","width":1280,"height":960},{"@type":"BreadcrumbList","@id":"https:\/\/228news.tg\/index.php\/2018\/01\/18\/tous-aux-journees-portes-ouvertes-et-dintegration-de-lesmc\/#breadcrumb","itemListElement":[{"@type":"ListItem","position":1,"name":"Home","item":"https:\/\/228news.tg\/"},{"@type":"ListItem","position":2,"name":"Tous aux journ\u00e9es portes ouvertes et d&rsquo;int\u00e9gration de l&rsquo;ESMC"}]},{"@type":"WebSite","@id":"https:\/\/228news.tg\/#website","url":"https:\/\/228news.tg\/","name":"228 News","description":"Soci\u00e9t\u00e9 de m\u00e9dias et d\u2019actualit\u00e9s","publisher":{"@id":"https:\/\/228news.tg\/#organization"},"potentialAction":[{"@type":"SearchAction","target":{"@type":"EntryPoint","urlTemplate":"https:\/\/228news.tg\/?s={search_term_string}"},"query-input":{"@type":"PropertyValueSpecification","valueRequired":true,"valueName":"search_term_string"}}],"inLanguage":"fr-FR"},{"@type":"Organization","@id":"https:\/\/228news.tg\/#organization","name":"228 News","url":"https:\/\/228news.tg\/","logo":{"@type":"ImageObject","inLanguage":"fr-FR","@id":"https:\/\/228news.tg\/#\/schema\/logo\/image\/","url":"https:\/\/228news.tg\/wp-content\/uploads\/2024\/09\/logonew.png","contentUrl":"https:\/\/228news.tg\/wp-content\/uploads\/2024\/09\/logonew.png","width":1640,"height":364,"caption":"228 News"},"image":{"@id":"https:\/\/228news.tg\/#\/schema\/logo\/image\/"}},{"@type":"Person","@id":"https:\/\/228news.tg\/#\/schema\/person\/68d5a6cc0230290e61235c8379523f52","name":"Bienvenu SAVI","image":{"@type":"ImageObject","inLanguage":"fr-FR","@id":"https:\/\/228news.tg\/#\/schema\/person\/image\/","url":"https:\/\/secure.gravatar.com\/avatar\/9db91895c559e510509c33a3e9683998458e9b828fac36d5d1aa23f0f2fd369b?s=96&d=mm&r=g","contentUrl":"https:\/\/secure.gravatar.com\/avatar\/9db91895c559e510509c33a3e9683998458e9b828fac36d5d1aa23f0f2fd369b?s=96&d=mm&r=g","caption":"Bienvenu SAVI"},"url":"https:\/\/228news.tg\/index.php\/author\/bienvenu\/"}]}},"jetpack_featured_media_url":"https:\/\/228news.tg\/wp-content\/uploads\/2024\/09\/photo_2018-01-18_08-44-48.jpg","_links":{"self":[{"href":"https:\/\/228news.tg\/index.php\/wp-json\/wp\/v2\/posts\/1117","targetHints":{"allow":["GET"]}}],"collection":[{"href":"https:\/\/228news.tg\/index.php\/wp-json\/wp\/v2\/posts"}],"about":[{"href":"https:\/\/228news.tg\/index.php\/wp-json\/wp\/v2\/types\/post"}],"author":[{"embeddable":true,"href":"https:\/\/228news.tg\/index.php\/wp-json\/wp\/v2\/users\/2"}],"replies":[{"embeddable":true,"href":"https:\/\/228news.tg\/index.php\/wp-json\/wp\/v2\/comments?post=1117"}],"version-history":[{"count":1,"href":"https:\/\/228news.tg\/index.php\/wp-json\/wp\/v2\/posts\/1117\/revisions"}],"predecessor-version":[{"id":1120,"href":"https:\/\/228news.tg\/index.php\/wp-json\/wp\/v2\/posts\/1117\/revisions\/1120"}],"wp:featuredmedia":[{"embeddable":true,"href":"https:\/\/228news.tg\/index.php\/wp-json\/wp\/v2\/media\/1121"}],"wp:attachment":[{"href":"https:\/\/228news.tg\/index.php\/wp-json\/wp\/v2\/media?parent=1117"}],"wp:term":[{"taxonomy":"category","embeddable":true,"href":"https:\/\/228news.tg\/index.php\/wp-json\/wp\/v2\/categories?post=1117"},{"taxonomy":"post_tag","embeddable":true,"href":"https:\/\/228news.tg\/index.php\/wp-json\/wp\/v2\/tags?post=1117"}],"curies":[{"name":"wp","href":"https:\/\/api.w.org\/{rel}","templated":true}]}}