{"id":10774,"date":"2022-09-05T22:41:09","date_gmt":"2022-09-05T22:41:09","guid":{"rendered":"http:\/\/localhost\/site\/228news\/?p=10774"},"modified":"2022-09-05T22:41:09","modified_gmt":"2022-09-05T22:41:09","slug":"commune-lacs3-vivre-ensemblerideaux-sur-le-tournoi-de-la-reconciliation","status":"publish","type":"post","link":"https:\/\/228news.tg\/index.php\/2022\/09\/05\/commune-lacs3-vivre-ensemblerideaux-sur-le-tournoi-de-la-reconciliation\/","title":{"rendered":"Commune Lacs3\/vivre ensemble:rideaux sur le tournoi de la r\u00e9conciliation"},"content":{"rendered":"\n<p>La commune Lacs3 a vibr\u00e9 aux rythmes de la finale de la coupe de la r\u00e9conciliation et du vivre ensemble. Organis\u00e9e par le deuxi\u00e8me adjoint au maire Dr Emmanuel Gnagnon, cette \u00e9dition est d\u00e9finitivement rentr\u00e9e dans l&rsquo;histoire hier.<\/p>\n\n\n\n<p>C&rsquo;est au terme d&rsquo;une finale d&rsquo;une tr\u00e8s belle facture que Redoutable FC s&rsquo;est adjug\u00e9 le troph\u00e9e en dominant son adversaire du jour Alliance FC sur un score de 2-0.<\/p>\n\n\n\n<p>\u00ab\u00a0Le vivre-ensemble est un don de Dieu. Nous ne pouvons pas penser le d\u00e9veloppement d\u2019une nation sans la fraternit\u00e9 et le vivre-ensemble. Je crois que c\u2019est ce que les jeunes de la commune ont compris. Avec les autorit\u00e9s qui sont venus de tr\u00e8s loin, nous pensons que l\u2019avenir de la nation togolaise peut se construire lorsque les fils et filles se donnent la main\u00a0\u00bb, a indiqu\u00e9 Dr Gagnon parrain de cette organisation. <\/p>\n\n\n\n<p>Le cap est d\u00e9sormais mis sur l&rsquo;ann\u00e9e prochaine. <\/p>\n\n\n\n<p>228NEWS.<\/p>\n","protected":false},"excerpt":{"rendered":"<p>La commune Lacs3 a vibr\u00e9 aux rythmes de la finale de la coupe de la r\u00e9conciliation et du vivre ensemble. Organis\u00e9e par le deuxi\u00e8me adjoint au maire Dr Emmanuel Gnagnon, cette \u00e9dition est d\u00e9finitivement rentr\u00e9e dans l&rsquo;histoire hier. C&rsquo;est au terme d&rsquo;une finale d&rsquo;une tr\u00e8s belle facture que Redoutable FC s&rsquo;est adjug\u00e9 le troph\u00e9e en &#8230; <a title=\"Commune Lacs3\/vivre ensemble:rideaux sur le tournoi de la r\u00e9conciliation\" class=\"read-more\" href=\"https:\/\/228news.tg\/index.php\/2022\/09\/05\/commune-lacs3-vivre-ensemblerideaux-sur-le-tournoi-de-la-reconciliation\/\" aria-label=\"En savoir plus sur Commune Lacs3\/vivre ensemble:rideaux sur le tournoi de la r\u00e9conciliation\">Lire la suite<\/a><\/p>\n","protected":false},"author":2,"featured_media":10775,"comment_status":"open","ping_status":"open","sticky":false,"template":"","format":"chat","meta":{"footnotes":""},"categories":[25],"tags":[],"class_list":["post-10774","post","type-post","status-publish","format-chat","has-post-thumbnail","hentry","category-togo","post_format-post-format-chat"],"yoast_head":"<!-- This site is optimized with the Yoast SEO plugin v26.4 - https:\/\/yoast.com\/wordpress\/plugins\/seo\/ -->\n<title>Commune Lacs3\/vivre ensemble:rideaux sur le tournoi de la r\u00e9conciliation - 228 News<\/title>\n<meta name=\"robots\" content=\"index, follow, max-snippet:-1, max-image-preview:large, max-video-preview:-1\" \/>\n<link rel=\"canonical\" href=\"https:\/\/228news.tg\/index.php\/2022\/09\/05\/commune-lacs3-vivre-ensemblerideaux-sur-le-tournoi-de-la-reconciliation\/\" \/>\n<meta property=\"og:locale\" content=\"fr_FR\" \/>\n<meta property=\"og:type\" content=\"article\" \/>\n<meta property=\"og:title\" content=\"Commune Lacs3\/vivre ensemble:rideaux sur le tournoi de la r\u00e9conciliation - 228 News\" \/>\n<meta property=\"og:description\" content=\"La commune Lacs3 a vibr\u00e9 aux rythmes de la finale de la coupe de la r\u00e9conciliation et du vivre ensemble. Organis\u00e9e par le deuxi\u00e8me adjoint au maire Dr Emmanuel Gnagnon, cette \u00e9dition est d\u00e9finitivement rentr\u00e9e dans l&rsquo;histoire hier. C&rsquo;est au terme d&rsquo;une finale d&rsquo;une tr\u00e8s belle facture que Redoutable FC s&rsquo;est adjug\u00e9 le troph\u00e9e en ... Lire la suite\" \/>\n<meta property=\"og:url\" content=\"https:\/\/228news.tg\/index.php\/2022\/09\/05\/commune-lacs3-vivre-ensemblerideaux-sur-le-tournoi-de-la-reconciliation\/\" \/>\n<meta property=\"og:site_name\" content=\"228 News\" \/>\n<meta property=\"article:published_time\" content=\"2022-09-05T22:41:09+00:00\" \/>\n<meta property=\"og:image\" content=\"https:\/\/228news.tg\/wp-content\/uploads\/2022\/09\/IMG_20220904_180724_840-1.jpg\" \/>\n\t<meta property=\"og:image:width\" content=\"1620\" \/>\n\t<meta property=\"og:image:height\" content=\"814\" \/>\n\t<meta property=\"og:image:type\" content=\"image\/jpeg\" \/>\n<meta name=\"author\" content=\"Bienvenu SAVI\" \/>\n<meta name=\"twitter:card\" content=\"summary_large_image\" \/>\n<meta name=\"twitter:label1\" content=\"\u00c9crit par\" \/>\n\t<meta name=\"twitter:data1\" content=\"Bienvenu SAVI\" \/>\n\t<meta name=\"twitter:label2\" content=\"Dur\u00e9e de lecture estim\u00e9e\" \/>\n\t<meta name=\"twitter:data2\" content=\"1 minute\" \/>\n<script type=\"application\/ld+json\" class=\"yoast-schema-graph\">{\"@context\":\"https:\/\/schema.org\",\"@graph\":[{\"@type\":\"Article\",\"@id\":\"https:\/\/228news.tg\/index.php\/2022\/09\/05\/commune-lacs3-vivre-ensemblerideaux-sur-le-tournoi-de-la-reconciliation\/#article\",\"isPartOf\":{\"@id\":\"https:\/\/228news.tg\/index.php\/2022\/09\/05\/commune-lacs3-vivre-ensemblerideaux-sur-le-tournoi-de-la-reconciliation\/\"},\"author\":{\"name\":\"Bienvenu SAVI\",\"@id\":\"https:\/\/228news.tg\/#\/schema\/person\/68d5a6cc0230290e61235c8379523f52\"},\"headline\":\"Commune Lacs3\/vivre ensemble:rideaux sur le tournoi de la r\u00e9conciliation\",\"datePublished\":\"2022-09-05T22:41:09+00:00\",\"mainEntityOfPage\":{\"@id\":\"https:\/\/228news.tg\/index.php\/2022\/09\/05\/commune-lacs3-vivre-ensemblerideaux-sur-le-tournoi-de-la-reconciliation\/\"},\"wordCount\":181,\"commentCount\":0,\"publisher\":{\"@id\":\"https:\/\/228news.tg\/#organization\"},\"image\":{\"@id\":\"https:\/\/228news.tg\/index.php\/2022\/09\/05\/commune-lacs3-vivre-ensemblerideaux-sur-le-tournoi-de-la-reconciliation\/#primaryimage\"},\"thumbnailUrl\":\"https:\/\/228news.tg\/wp-content\/uploads\/2022\/09\/IMG_20220904_180724_840-1.jpg\",\"articleSection\":[\"TOGO\"],\"inLanguage\":\"fr-FR\",\"potentialAction\":[{\"@type\":\"CommentAction\",\"name\":\"Comment\",\"target\":[\"https:\/\/228news.tg\/index.php\/2022\/09\/05\/commune-lacs3-vivre-ensemblerideaux-sur-le-tournoi-de-la-reconciliation\/#respond\"]}]},{\"@type\":\"WebPage\",\"@id\":\"https:\/\/228news.tg\/index.php\/2022\/09\/05\/commune-lacs3-vivre-ensemblerideaux-sur-le-tournoi-de-la-reconciliation\/\",\"url\":\"https:\/\/228news.tg\/index.php\/2022\/09\/05\/commune-lacs3-vivre-ensemblerideaux-sur-le-tournoi-de-la-reconciliation\/\",\"name\":\"Commune Lacs3\/vivre ensemble:rideaux sur le tournoi de la r\u00e9conciliation - 228 News\",\"isPartOf\":{\"@id\":\"https:\/\/228news.tg\/#website\"},\"primaryImageOfPage\":{\"@id\":\"https:\/\/228news.tg\/index.php\/2022\/09\/05\/commune-lacs3-vivre-ensemblerideaux-sur-le-tournoi-de-la-reconciliation\/#primaryimage\"},\"image\":{\"@id\":\"https:\/\/228news.tg\/index.php\/2022\/09\/05\/commune-lacs3-vivre-ensemblerideaux-sur-le-tournoi-de-la-reconciliation\/#primaryimage\"},\"thumbnailUrl\":\"https:\/\/228news.tg\/wp-content\/uploads\/2022\/09\/IMG_20220904_180724_840-1.jpg\",\"datePublished\":\"2022-09-05T22:41:09+00:00\",\"breadcrumb\":{\"@id\":\"https:\/\/228news.tg\/index.php\/2022\/09\/05\/commune-lacs3-vivre-ensemblerideaux-sur-le-tournoi-de-la-reconciliation\/#breadcrumb\"},\"inLanguage\":\"fr-FR\",\"potentialAction\":[{\"@type\":\"ReadAction\",\"target\":[\"https:\/\/228news.tg\/index.php\/2022\/09\/05\/commune-lacs3-vivre-ensemblerideaux-sur-le-tournoi-de-la-reconciliation\/\"]}]},{\"@type\":\"ImageObject\",\"inLanguage\":\"fr-FR\",\"@id\":\"https:\/\/228news.tg\/index.php\/2022\/09\/05\/commune-lacs3-vivre-ensemblerideaux-sur-le-tournoi-de-la-reconciliation\/#primaryimage\",\"url\":\"https:\/\/228news.tg\/wp-content\/uploads\/2022\/09\/IMG_20220904_180724_840-1.jpg\",\"contentUrl\":\"https:\/\/228news.tg\/wp-content\/uploads\/2022\/09\/IMG_20220904_180724_840-1.jpg\",\"width\":1620,\"height\":814},{\"@type\":\"BreadcrumbList\",\"@id\":\"https:\/\/228news.tg\/index.php\/2022\/09\/05\/commune-lacs3-vivre-ensemblerideaux-sur-le-tournoi-de-la-reconciliation\/#breadcrumb\",\"itemListElement\":[{\"@type\":\"ListItem\",\"position\":1,\"name\":\"Home\",\"item\":\"https:\/\/228news.tg\/\"},{\"@type\":\"ListItem\",\"position\":2,\"name\":\"Commune Lacs3\/vivre ensemble:rideaux sur le tournoi de la r\u00e9conciliation\"}]},{\"@type\":\"WebSite\",\"@id\":\"https:\/\/228news.tg\/#website\",\"url\":\"https:\/\/228news.tg\/\",\"name\":\"228 News\",\"description\":\"Soci\u00e9t\u00e9 de m\u00e9dias et d\u2019actualit\u00e9s\",\"publisher\":{\"@id\":\"https:\/\/228news.tg\/#organization\"},\"potentialAction\":[{\"@type\":\"SearchAction\",\"target\":{\"@type\":\"EntryPoint\",\"urlTemplate\":\"https:\/\/228news.tg\/?s={search_term_string}\"},\"query-input\":{\"@type\":\"PropertyValueSpecification\",\"valueRequired\":true,\"valueName\":\"search_term_string\"}}],\"inLanguage\":\"fr-FR\"},{\"@type\":\"Organization\",\"@id\":\"https:\/\/228news.tg\/#organization\",\"name\":\"228 News\",\"url\":\"https:\/\/228news.tg\/\",\"logo\":{\"@type\":\"ImageObject\",\"inLanguage\":\"fr-FR\",\"@id\":\"https:\/\/228news.tg\/#\/schema\/logo\/image\/\",\"url\":\"https:\/\/228news.tg\/wp-content\/uploads\/2024\/09\/logonew.png\",\"contentUrl\":\"https:\/\/228news.tg\/wp-content\/uploads\/2024\/09\/logonew.png\",\"width\":1640,\"height\":364,\"caption\":\"228 News\"},\"image\":{\"@id\":\"https:\/\/228news.tg\/#\/schema\/logo\/image\/\"}},{\"@type\":\"Person\",\"@id\":\"https:\/\/228news.tg\/#\/schema\/person\/68d5a6cc0230290e61235c8379523f52\",\"name\":\"Bienvenu SAVI\",\"image\":{\"@type\":\"ImageObject\",\"inLanguage\":\"fr-FR\",\"@id\":\"https:\/\/228news.tg\/#\/schema\/person\/image\/\",\"url\":\"https:\/\/secure.gravatar.com\/avatar\/9db91895c559e510509c33a3e9683998458e9b828fac36d5d1aa23f0f2fd369b?s=96&d=mm&r=g\",\"contentUrl\":\"https:\/\/secure.gravatar.com\/avatar\/9db91895c559e510509c33a3e9683998458e9b828fac36d5d1aa23f0f2fd369b?s=96&d=mm&r=g\",\"caption\":\"Bienvenu SAVI\"},\"url\":\"https:\/\/228news.tg\/index.php\/author\/bienvenu\/\"}]}<\/script>\n<!-- \/ Yoast SEO plugin. -->","yoast_head_json":{"title":"Commune Lacs3\/vivre ensemble:rideaux sur le tournoi de la r\u00e9conciliation - 228 News","robots":{"index":"index","follow":"follow","max-snippet":"max-snippet:-1","max-image-preview":"max-image-preview:large","max-video-preview":"max-video-preview:-1"},"canonical":"https:\/\/228news.tg\/index.php\/2022\/09\/05\/commune-lacs3-vivre-ensemblerideaux-sur-le-tournoi-de-la-reconciliation\/","og_locale":"fr_FR","og_type":"article","og_title":"Commune Lacs3\/vivre ensemble:rideaux sur le tournoi de la r\u00e9conciliation - 228 News","og_description":"La commune Lacs3 a vibr\u00e9 aux rythmes de la finale de la coupe de la r\u00e9conciliation et du vivre ensemble. Organis\u00e9e par le deuxi\u00e8me adjoint au maire Dr Emmanuel Gnagnon, cette \u00e9dition est d\u00e9finitivement rentr\u00e9e dans l&rsquo;histoire hier. C&rsquo;est au terme d&rsquo;une finale d&rsquo;une tr\u00e8s belle facture que Redoutable FC s&rsquo;est adjug\u00e9 le troph\u00e9e en ... Lire la suite","og_url":"https:\/\/228news.tg\/index.php\/2022\/09\/05\/commune-lacs3-vivre-ensemblerideaux-sur-le-tournoi-de-la-reconciliation\/","og_site_name":"228 News","article_published_time":"2022-09-05T22:41:09+00:00","og_image":[{"width":1620,"height":814,"url":"https:\/\/228news.tg\/wp-content\/uploads\/2022\/09\/IMG_20220904_180724_840-1.jpg","type":"image\/jpeg"}],"author":"Bienvenu SAVI","twitter_card":"summary_large_image","twitter_misc":{"\u00c9crit par":"Bienvenu SAVI","Dur\u00e9e de lecture estim\u00e9e":"1 minute"},"schema":{"@context":"https:\/\/schema.org","@graph":[{"@type":"Article","@id":"https:\/\/228news.tg\/index.php\/2022\/09\/05\/commune-lacs3-vivre-ensemblerideaux-sur-le-tournoi-de-la-reconciliation\/#article","isPartOf":{"@id":"https:\/\/228news.tg\/index.php\/2022\/09\/05\/commune-lacs3-vivre-ensemblerideaux-sur-le-tournoi-de-la-reconciliation\/"},"author":{"name":"Bienvenu SAVI","@id":"https:\/\/228news.tg\/#\/schema\/person\/68d5a6cc0230290e61235c8379523f52"},"headline":"Commune Lacs3\/vivre ensemble:rideaux sur le tournoi de la r\u00e9conciliation","datePublished":"2022-09-05T22:41:09+00:00","mainEntityOfPage":{"@id":"https:\/\/228news.tg\/index.php\/2022\/09\/05\/commune-lacs3-vivre-ensemblerideaux-sur-le-tournoi-de-la-reconciliation\/"},"wordCount":181,"commentCount":0,"publisher":{"@id":"https:\/\/228news.tg\/#organization"},"image":{"@id":"https:\/\/228news.tg\/index.php\/2022\/09\/05\/commune-lacs3-vivre-ensemblerideaux-sur-le-tournoi-de-la-reconciliation\/#primaryimage"},"thumbnailUrl":"https:\/\/228news.tg\/wp-content\/uploads\/2022\/09\/IMG_20220904_180724_840-1.jpg","articleSection":["TOGO"],"inLanguage":"fr-FR","potentialAction":[{"@type":"CommentAction","name":"Comment","target":["https:\/\/228news.tg\/index.php\/2022\/09\/05\/commune-lacs3-vivre-ensemblerideaux-sur-le-tournoi-de-la-reconciliation\/#respond"]}]},{"@type":"WebPage","@id":"https:\/\/228news.tg\/index.php\/2022\/09\/05\/commune-lacs3-vivre-ensemblerideaux-sur-le-tournoi-de-la-reconciliation\/","url":"https:\/\/228news.tg\/index.php\/2022\/09\/05\/commune-lacs3-vivre-ensemblerideaux-sur-le-tournoi-de-la-reconciliation\/","name":"Commune Lacs3\/vivre ensemble:rideaux sur le tournoi de la r\u00e9conciliation - 228 News","isPartOf":{"@id":"https:\/\/228news.tg\/#website"},"primaryImageOfPage":{"@id":"https:\/\/228news.tg\/index.php\/2022\/09\/05\/commune-lacs3-vivre-ensemblerideaux-sur-le-tournoi-de-la-reconciliation\/#primaryimage"},"image":{"@id":"https:\/\/228news.tg\/index.php\/2022\/09\/05\/commune-lacs3-vivre-ensemblerideaux-sur-le-tournoi-de-la-reconciliation\/#primaryimage"},"thumbnailUrl":"https:\/\/228news.tg\/wp-content\/uploads\/2022\/09\/IMG_20220904_180724_840-1.jpg","datePublished":"2022-09-05T22:41:09+00:00","breadcrumb":{"@id":"https:\/\/228news.tg\/index.php\/2022\/09\/05\/commune-lacs3-vivre-ensemblerideaux-sur-le-tournoi-de-la-reconciliation\/#breadcrumb"},"inLanguage":"fr-FR","potentialAction":[{"@type":"ReadAction","target":["https:\/\/228news.tg\/index.php\/2022\/09\/05\/commune-lacs3-vivre-ensemblerideaux-sur-le-tournoi-de-la-reconciliation\/"]}]},{"@type":"ImageObject","inLanguage":"fr-FR","@id":"https:\/\/228news.tg\/index.php\/2022\/09\/05\/commune-lacs3-vivre-ensemblerideaux-sur-le-tournoi-de-la-reconciliation\/#primaryimage","url":"https:\/\/228news.tg\/wp-content\/uploads\/2022\/09\/IMG_20220904_180724_840-1.jpg","contentUrl":"https:\/\/228news.tg\/wp-content\/uploads\/2022\/09\/IMG_20220904_180724_840-1.jpg","width":1620,"height":814},{"@type":"BreadcrumbList","@id":"https:\/\/228news.tg\/index.php\/2022\/09\/05\/commune-lacs3-vivre-ensemblerideaux-sur-le-tournoi-de-la-reconciliation\/#breadcrumb","itemListElement":[{"@type":"ListItem","position":1,"name":"Home","item":"https:\/\/228news.tg\/"},{"@type":"ListItem","position":2,"name":"Commune Lacs3\/vivre ensemble:rideaux sur le tournoi de la r\u00e9conciliation"}]},{"@type":"WebSite","@id":"https:\/\/228news.tg\/#website","url":"https:\/\/228news.tg\/","name":"228 News","description":"Soci\u00e9t\u00e9 de m\u00e9dias et d\u2019actualit\u00e9s","publisher":{"@id":"https:\/\/228news.tg\/#organization"},"potentialAction":[{"@type":"SearchAction","target":{"@type":"EntryPoint","urlTemplate":"https:\/\/228news.tg\/?s={search_term_string}"},"query-input":{"@type":"PropertyValueSpecification","valueRequired":true,"valueName":"search_term_string"}}],"inLanguage":"fr-FR"},{"@type":"Organization","@id":"https:\/\/228news.tg\/#organization","name":"228 News","url":"https:\/\/228news.tg\/","logo":{"@type":"ImageObject","inLanguage":"fr-FR","@id":"https:\/\/228news.tg\/#\/schema\/logo\/image\/","url":"https:\/\/228news.tg\/wp-content\/uploads\/2024\/09\/logonew.png","contentUrl":"https:\/\/228news.tg\/wp-content\/uploads\/2024\/09\/logonew.png","width":1640,"height":364,"caption":"228 News"},"image":{"@id":"https:\/\/228news.tg\/#\/schema\/logo\/image\/"}},{"@type":"Person","@id":"https:\/\/228news.tg\/#\/schema\/person\/68d5a6cc0230290e61235c8379523f52","name":"Bienvenu SAVI","image":{"@type":"ImageObject","inLanguage":"fr-FR","@id":"https:\/\/228news.tg\/#\/schema\/person\/image\/","url":"https:\/\/secure.gravatar.com\/avatar\/9db91895c559e510509c33a3e9683998458e9b828fac36d5d1aa23f0f2fd369b?s=96&d=mm&r=g","contentUrl":"https:\/\/secure.gravatar.com\/avatar\/9db91895c559e510509c33a3e9683998458e9b828fac36d5d1aa23f0f2fd369b?s=96&d=mm&r=g","caption":"Bienvenu SAVI"},"url":"https:\/\/228news.tg\/index.php\/author\/bienvenu\/"}]}},"jetpack_featured_media_url":"https:\/\/228news.tg\/wp-content\/uploads\/2022\/09\/IMG_20220904_180724_840-1.jpg","_links":{"self":[{"href":"https:\/\/228news.tg\/index.php\/wp-json\/wp\/v2\/posts\/10774","targetHints":{"allow":["GET"]}}],"collection":[{"href":"https:\/\/228news.tg\/index.php\/wp-json\/wp\/v2\/posts"}],"about":[{"href":"https:\/\/228news.tg\/index.php\/wp-json\/wp\/v2\/types\/post"}],"author":[{"embeddable":true,"href":"https:\/\/228news.tg\/index.php\/wp-json\/wp\/v2\/users\/2"}],"replies":[{"embeddable":true,"href":"https:\/\/228news.tg\/index.php\/wp-json\/wp\/v2\/comments?post=10774"}],"version-history":[{"count":0,"href":"https:\/\/228news.tg\/index.php\/wp-json\/wp\/v2\/posts\/10774\/revisions"}],"wp:featuredmedia":[{"embeddable":true,"href":"https:\/\/228news.tg\/index.php\/wp-json\/wp\/v2\/media\/10775"}],"wp:attachment":[{"href":"https:\/\/228news.tg\/index.php\/wp-json\/wp\/v2\/media?parent=10774"}],"wp:term":[{"taxonomy":"category","embeddable":true,"href":"https:\/\/228news.tg\/index.php\/wp-json\/wp\/v2\/categories?post=10774"},{"taxonomy":"post_tag","embeddable":true,"href":"https:\/\/228news.tg\/index.php\/wp-json\/wp\/v2\/tags?post=10774"}],"curies":[{"name":"wp","href":"https:\/\/api.w.org\/{rel}","templated":true}]}}