{"id":1058,"date":"2017-12-21T00:00:00","date_gmt":"2017-12-21T00:00:00","guid":{"rendered":"https:\/\/228news.tg\/index.php\/2017\/12\/21\/inam-les-universites-du-3e-age-pour-le-bonheur-des-seniors\/"},"modified":"2017-12-21T00:00:00","modified_gmt":"2017-12-21T00:00:00","slug":"inam-les-universites-du-3e-age-pour-le-bonheur-des-seniors","status":"publish","type":"post","link":"https:\/\/228news.tg\/index.php\/2017\/12\/21\/inam-les-universites-du-3e-age-pour-le-bonheur-des-seniors\/","title":{"rendered":"INAM: Les universit\u00e9s du 3e \u00e2ge pour le bonheur des \u00ab\u00a0S\u00e9niors\u00a0\u00bb"},"content":{"rendered":"<p>Les universit\u00e9s du 3\u00e8 age ont \u00e9t\u00e9 ouvertes ce jeudi 21 d\u00e9cembre au centre universitaire Saint Jean de Lom\u00e9. Initiative de l&rsquo;Institut National de l&rsquo;Assurance Maladie (INAM), cette rencontre est plac\u00e9e sous le th\u00e8me \u00ab\u00a0Maintenant commence le bonheur\u00a0\u00bb.<\/p>\n<p>Ces universit\u00e9s s&rsquo;inscrivent dans le cadre de la c\u00e9l\u00e9bration de la journ\u00e9e internationale pour les personnes \u00e2g\u00e9es, institutionnalis\u00e9e par les Nations Unies. D\u00e9di\u00e9e exclusivement aux personnes \u00e2g\u00e9es, elle vise \u00e0 permettre aux \u00ab\u00a0s\u00e9niors\u00a0\u00bb et aux professionnels du secteur des s\u00e9niors d&rsquo;aborder et de relever les d\u00e9fis qui se pr\u00e9sentent \u00e0 cette frange particuli\u00e8re de la population, \u00e0 travers des \u00e9changes, partages structur\u00e9s et conviviaux .<\/p>\n<p>Pour la directrice g\u00e9n\u00e9rale de l&rsquo;INA, Mme Dossou Myriam , il s&rsquo;agit de cr\u00e9er une mobilisation, activation et relation entre les clients s\u00e9niors et l&rsquo;INAM, optimiser les outils et les pratiques de l&rsquo;assurance maladie d\u00e9di\u00e9e \u00e0 ces personnes \u00e2g\u00e9es.<\/p>\n<p>\u00ab\u00a0A l&rsquo;INAM, nous avons constat\u00e9\u00a0une forte proportion de diab\u00e8te, de maladies cardiovasculaires, d\u2019arthrose\u00a0 etc&#8230; chez les b\u00e9n\u00e9ficiaires de ses services, en l\u2019occurrence dans la tranche des personnes les plus \u00e2g\u00e9es. Il \u00e9tait donc important pour la prise en charge de ces maladies d\u2019\u00e9changer avec ces personnes qui repr\u00e9sentent pr\u00e8s de la moiti\u00e9 des assur\u00e9s\u00a0\u00bb, a-t-elle confi\u00e9.<\/p>\n<p>Side events, des expositions et foire du 3\u00e8me \u00e2ge par les s\u00e9niors (espace d\u2019\u00e9coute et conseil, camp \u00ab sant\u00e9 et bien-\u00eatre \u00bb, espace visites m\u00e9dicales, espace \u00ab bio \u00bb, librairie du 3\u00e8me \u00e2ge, espace information INAM), des causeries- d\u00e9bats avec d\u2019imminents pan\u00e9listes (experts m\u00e9decins, nutritionnistes, cardiologues) et des ateliers de formation sur comment \u00ab entreprendre apr\u00e8s la retraite \u00bb\u00a0 avec des coaches\u00a0 en d\u00e9veloppement personnel et entrepreneuriat sont inscrits \u00e0 l&rsquo;ordre du jour de ces universit\u00e9s o\u00f9 pr\u00e8s de 300 hommes et femmes du 3e \u00e2ge sont ainsi attendus, de m\u00eame que des professionnels du secteur des \u00ab s\u00e9niors \u00bb et des acteurs de la (soci\u00e9t\u00e9 civile), durant les deux jours de manifestations.<\/p>\n<p>D\u00e9mocrate<\/p>\n<p>(00228) 91 85 40 14<\/p>\n<p>98 60 67 68<\/p>\n<p>democrate2010@gmail.com<\/p>\n<p>&nbsp;<\/p>\n<p>&nbsp;<\/p>\n","protected":false},"excerpt":{"rendered":"<p>Les universit\u00e9s du 3\u00e8 age ont \u00e9t\u00e9 ouvertes ce jeudi 21 d\u00e9cembre au centre universitaire Saint Jean de Lom\u00e9. Initiative de l&rsquo;Institut National de l&rsquo;Assurance Maladie (INAM), cette rencontre est plac\u00e9e sous le th\u00e8me \u00ab\u00a0Maintenant commence le bonheur\u00a0\u00bb. Ces universit\u00e9s s&rsquo;inscrivent dans le cadre de la c\u00e9l\u00e9bration de la journ\u00e9e internationale pour les personnes \u00e2g\u00e9es, &#8230; <a title=\"INAM: Les universit\u00e9s du 3e \u00e2ge pour le bonheur des \u00ab\u00a0S\u00e9niors\u00a0\u00bb\" class=\"read-more\" href=\"https:\/\/228news.tg\/index.php\/2017\/12\/21\/inam-les-universites-du-3e-age-pour-le-bonheur-des-seniors\/\" aria-label=\"En savoir plus sur INAM: Les universit\u00e9s du 3e \u00e2ge pour le bonheur des \u00ab\u00a0S\u00e9niors\u00a0\u00bb\">Lire la suite<\/a><\/p>\n","protected":false},"author":2,"featured_media":1059,"comment_status":"open","ping_status":"open","sticky":false,"template":"","format":"standard","meta":{"footnotes":""},"categories":[35,27,25,34],"tags":[],"class_list":["post-1058","post","type-post","status-publish","format-standard","has-post-thumbnail","hentry","category-flash","category-sante","category-togo","category-une"],"yoast_head":"<!-- This site is optimized with the Yoast SEO plugin v26.4 - https:\/\/yoast.com\/wordpress\/plugins\/seo\/ -->\n<title>INAM: Les universit\u00e9s du 3e \u00e2ge pour le bonheur des &quot;S\u00e9niors&quot; - 228 News<\/title>\n<meta name=\"robots\" content=\"index, follow, max-snippet:-1, max-image-preview:large, max-video-preview:-1\" \/>\n<link rel=\"canonical\" href=\"https:\/\/228news.tg\/index.php\/2017\/12\/21\/inam-les-universites-du-3e-age-pour-le-bonheur-des-seniors\/\" \/>\n<meta property=\"og:locale\" content=\"fr_FR\" \/>\n<meta property=\"og:type\" content=\"article\" \/>\n<meta property=\"og:title\" content=\"INAM: Les universit\u00e9s du 3e \u00e2ge pour le bonheur des &quot;S\u00e9niors&quot; - 228 News\" \/>\n<meta property=\"og:description\" content=\"Les universit\u00e9s du 3\u00e8 age ont \u00e9t\u00e9 ouvertes ce jeudi 21 d\u00e9cembre au centre universitaire Saint Jean de Lom\u00e9. Initiative de l&rsquo;Institut National de l&rsquo;Assurance Maladie (INAM), cette rencontre est plac\u00e9e sous le th\u00e8me \u00ab\u00a0Maintenant commence le bonheur\u00a0\u00bb. Ces universit\u00e9s s&rsquo;inscrivent dans le cadre de la c\u00e9l\u00e9bration de la journ\u00e9e internationale pour les personnes \u00e2g\u00e9es, ... Lire la suite\" \/>\n<meta property=\"og:url\" content=\"https:\/\/228news.tg\/index.php\/2017\/12\/21\/inam-les-universites-du-3e-age-pour-le-bonheur-des-seniors\/\" \/>\n<meta property=\"og:site_name\" content=\"228 News\" \/>\n<meta property=\"article:published_time\" content=\"2017-12-21T00:00:00+00:00\" \/>\n<meta property=\"og:image\" content=\"https:\/\/228news.tg\/wp-content\/uploads\/2024\/09\/ffa5995d181a68f34f12d434de180904_L-1.jpg\" \/>\n\t<meta property=\"og:image:width\" content=\"550\" \/>\n\t<meta property=\"og:image:height\" content=\"413\" \/>\n\t<meta property=\"og:image:type\" content=\"image\/jpeg\" \/>\n<meta name=\"author\" content=\"Bienvenu SAVI\" \/>\n<meta name=\"twitter:card\" content=\"summary_large_image\" \/>\n<meta name=\"twitter:label1\" content=\"\u00c9crit par\" \/>\n\t<meta name=\"twitter:data1\" content=\"Bienvenu SAVI\" \/>\n\t<meta name=\"twitter:label2\" content=\"Dur\u00e9e de lecture estim\u00e9e\" \/>\n\t<meta name=\"twitter:data2\" content=\"2 minutes\" \/>\n<script type=\"application\/ld+json\" class=\"yoast-schema-graph\">{\"@context\":\"https:\/\/schema.org\",\"@graph\":[{\"@type\":\"Article\",\"@id\":\"https:\/\/228news.tg\/index.php\/2017\/12\/21\/inam-les-universites-du-3e-age-pour-le-bonheur-des-seniors\/#article\",\"isPartOf\":{\"@id\":\"https:\/\/228news.tg\/index.php\/2017\/12\/21\/inam-les-universites-du-3e-age-pour-le-bonheur-des-seniors\/\"},\"author\":{\"name\":\"Bienvenu SAVI\",\"@id\":\"https:\/\/228news.tg\/#\/schema\/person\/68d5a6cc0230290e61235c8379523f52\"},\"headline\":\"INAM: Les universit\u00e9s du 3e \u00e2ge pour le bonheur des \u00ab\u00a0S\u00e9niors\u00a0\u00bb\",\"datePublished\":\"2017-12-21T00:00:00+00:00\",\"mainEntityOfPage\":{\"@id\":\"https:\/\/228news.tg\/index.php\/2017\/12\/21\/inam-les-universites-du-3e-age-pour-le-bonheur-des-seniors\/\"},\"wordCount\":375,\"commentCount\":0,\"publisher\":{\"@id\":\"https:\/\/228news.tg\/#organization\"},\"image\":{\"@id\":\"https:\/\/228news.tg\/index.php\/2017\/12\/21\/inam-les-universites-du-3e-age-pour-le-bonheur-des-seniors\/#primaryimage\"},\"thumbnailUrl\":\"https:\/\/228news.tg\/wp-content\/uploads\/2024\/09\/ffa5995d181a68f34f12d434de180904_L-1.jpg\",\"articleSection\":[\"Flash\",\"Sant\u00e9\",\"TOGO\",\"Une\"],\"inLanguage\":\"fr-FR\",\"potentialAction\":[{\"@type\":\"CommentAction\",\"name\":\"Comment\",\"target\":[\"https:\/\/228news.tg\/index.php\/2017\/12\/21\/inam-les-universites-du-3e-age-pour-le-bonheur-des-seniors\/#respond\"]}]},{\"@type\":\"WebPage\",\"@id\":\"https:\/\/228news.tg\/index.php\/2017\/12\/21\/inam-les-universites-du-3e-age-pour-le-bonheur-des-seniors\/\",\"url\":\"https:\/\/228news.tg\/index.php\/2017\/12\/21\/inam-les-universites-du-3e-age-pour-le-bonheur-des-seniors\/\",\"name\":\"INAM: Les universit\u00e9s du 3e \u00e2ge pour le bonheur des \\\"S\u00e9niors\\\" - 228 News\",\"isPartOf\":{\"@id\":\"https:\/\/228news.tg\/#website\"},\"primaryImageOfPage\":{\"@id\":\"https:\/\/228news.tg\/index.php\/2017\/12\/21\/inam-les-universites-du-3e-age-pour-le-bonheur-des-seniors\/#primaryimage\"},\"image\":{\"@id\":\"https:\/\/228news.tg\/index.php\/2017\/12\/21\/inam-les-universites-du-3e-age-pour-le-bonheur-des-seniors\/#primaryimage\"},\"thumbnailUrl\":\"https:\/\/228news.tg\/wp-content\/uploads\/2024\/09\/ffa5995d181a68f34f12d434de180904_L-1.jpg\",\"datePublished\":\"2017-12-21T00:00:00+00:00\",\"breadcrumb\":{\"@id\":\"https:\/\/228news.tg\/index.php\/2017\/12\/21\/inam-les-universites-du-3e-age-pour-le-bonheur-des-seniors\/#breadcrumb\"},\"inLanguage\":\"fr-FR\",\"potentialAction\":[{\"@type\":\"ReadAction\",\"target\":[\"https:\/\/228news.tg\/index.php\/2017\/12\/21\/inam-les-universites-du-3e-age-pour-le-bonheur-des-seniors\/\"]}]},{\"@type\":\"ImageObject\",\"inLanguage\":\"fr-FR\",\"@id\":\"https:\/\/228news.tg\/index.php\/2017\/12\/21\/inam-les-universites-du-3e-age-pour-le-bonheur-des-seniors\/#primaryimage\",\"url\":\"https:\/\/228news.tg\/wp-content\/uploads\/2024\/09\/ffa5995d181a68f34f12d434de180904_L-1.jpg\",\"contentUrl\":\"https:\/\/228news.tg\/wp-content\/uploads\/2024\/09\/ffa5995d181a68f34f12d434de180904_L-1.jpg\",\"width\":550,\"height\":413},{\"@type\":\"BreadcrumbList\",\"@id\":\"https:\/\/228news.tg\/index.php\/2017\/12\/21\/inam-les-universites-du-3e-age-pour-le-bonheur-des-seniors\/#breadcrumb\",\"itemListElement\":[{\"@type\":\"ListItem\",\"position\":1,\"name\":\"Home\",\"item\":\"https:\/\/228news.tg\/\"},{\"@type\":\"ListItem\",\"position\":2,\"name\":\"INAM: Les universit\u00e9s du 3e \u00e2ge pour le bonheur des \u00ab\u00a0S\u00e9niors\u00a0\u00bb\"}]},{\"@type\":\"WebSite\",\"@id\":\"https:\/\/228news.tg\/#website\",\"url\":\"https:\/\/228news.tg\/\",\"name\":\"228 News\",\"description\":\"Soci\u00e9t\u00e9 de m\u00e9dias et d\u2019actualit\u00e9s\",\"publisher\":{\"@id\":\"https:\/\/228news.tg\/#organization\"},\"potentialAction\":[{\"@type\":\"SearchAction\",\"target\":{\"@type\":\"EntryPoint\",\"urlTemplate\":\"https:\/\/228news.tg\/?s={search_term_string}\"},\"query-input\":{\"@type\":\"PropertyValueSpecification\",\"valueRequired\":true,\"valueName\":\"search_term_string\"}}],\"inLanguage\":\"fr-FR\"},{\"@type\":\"Organization\",\"@id\":\"https:\/\/228news.tg\/#organization\",\"name\":\"228 News\",\"url\":\"https:\/\/228news.tg\/\",\"logo\":{\"@type\":\"ImageObject\",\"inLanguage\":\"fr-FR\",\"@id\":\"https:\/\/228news.tg\/#\/schema\/logo\/image\/\",\"url\":\"https:\/\/228news.tg\/wp-content\/uploads\/2024\/09\/logonew.png\",\"contentUrl\":\"https:\/\/228news.tg\/wp-content\/uploads\/2024\/09\/logonew.png\",\"width\":1640,\"height\":364,\"caption\":\"228 News\"},\"image\":{\"@id\":\"https:\/\/228news.tg\/#\/schema\/logo\/image\/\"}},{\"@type\":\"Person\",\"@id\":\"https:\/\/228news.tg\/#\/schema\/person\/68d5a6cc0230290e61235c8379523f52\",\"name\":\"Bienvenu SAVI\",\"image\":{\"@type\":\"ImageObject\",\"inLanguage\":\"fr-FR\",\"@id\":\"https:\/\/228news.tg\/#\/schema\/person\/image\/\",\"url\":\"https:\/\/secure.gravatar.com\/avatar\/9db91895c559e510509c33a3e9683998458e9b828fac36d5d1aa23f0f2fd369b?s=96&d=mm&r=g\",\"contentUrl\":\"https:\/\/secure.gravatar.com\/avatar\/9db91895c559e510509c33a3e9683998458e9b828fac36d5d1aa23f0f2fd369b?s=96&d=mm&r=g\",\"caption\":\"Bienvenu SAVI\"},\"url\":\"https:\/\/228news.tg\/index.php\/author\/bienvenu\/\"}]}<\/script>\n<!-- \/ Yoast SEO plugin. -->","yoast_head_json":{"title":"INAM: Les universit\u00e9s du 3e \u00e2ge pour le bonheur des \"S\u00e9niors\" - 228 News","robots":{"index":"index","follow":"follow","max-snippet":"max-snippet:-1","max-image-preview":"max-image-preview:large","max-video-preview":"max-video-preview:-1"},"canonical":"https:\/\/228news.tg\/index.php\/2017\/12\/21\/inam-les-universites-du-3e-age-pour-le-bonheur-des-seniors\/","og_locale":"fr_FR","og_type":"article","og_title":"INAM: Les universit\u00e9s du 3e \u00e2ge pour le bonheur des \"S\u00e9niors\" - 228 News","og_description":"Les universit\u00e9s du 3\u00e8 age ont \u00e9t\u00e9 ouvertes ce jeudi 21 d\u00e9cembre au centre universitaire Saint Jean de Lom\u00e9. Initiative de l&rsquo;Institut National de l&rsquo;Assurance Maladie (INAM), cette rencontre est plac\u00e9e sous le th\u00e8me \u00ab\u00a0Maintenant commence le bonheur\u00a0\u00bb. Ces universit\u00e9s s&rsquo;inscrivent dans le cadre de la c\u00e9l\u00e9bration de la journ\u00e9e internationale pour les personnes \u00e2g\u00e9es, ... Lire la suite","og_url":"https:\/\/228news.tg\/index.php\/2017\/12\/21\/inam-les-universites-du-3e-age-pour-le-bonheur-des-seniors\/","og_site_name":"228 News","article_published_time":"2017-12-21T00:00:00+00:00","og_image":[{"width":550,"height":413,"url":"https:\/\/228news.tg\/wp-content\/uploads\/2024\/09\/ffa5995d181a68f34f12d434de180904_L-1.jpg","type":"image\/jpeg"}],"author":"Bienvenu SAVI","twitter_card":"summary_large_image","twitter_misc":{"\u00c9crit par":"Bienvenu SAVI","Dur\u00e9e de lecture estim\u00e9e":"2 minutes"},"schema":{"@context":"https:\/\/schema.org","@graph":[{"@type":"Article","@id":"https:\/\/228news.tg\/index.php\/2017\/12\/21\/inam-les-universites-du-3e-age-pour-le-bonheur-des-seniors\/#article","isPartOf":{"@id":"https:\/\/228news.tg\/index.php\/2017\/12\/21\/inam-les-universites-du-3e-age-pour-le-bonheur-des-seniors\/"},"author":{"name":"Bienvenu SAVI","@id":"https:\/\/228news.tg\/#\/schema\/person\/68d5a6cc0230290e61235c8379523f52"},"headline":"INAM: Les universit\u00e9s du 3e \u00e2ge pour le bonheur des \u00ab\u00a0S\u00e9niors\u00a0\u00bb","datePublished":"2017-12-21T00:00:00+00:00","mainEntityOfPage":{"@id":"https:\/\/228news.tg\/index.php\/2017\/12\/21\/inam-les-universites-du-3e-age-pour-le-bonheur-des-seniors\/"},"wordCount":375,"commentCount":0,"publisher":{"@id":"https:\/\/228news.tg\/#organization"},"image":{"@id":"https:\/\/228news.tg\/index.php\/2017\/12\/21\/inam-les-universites-du-3e-age-pour-le-bonheur-des-seniors\/#primaryimage"},"thumbnailUrl":"https:\/\/228news.tg\/wp-content\/uploads\/2024\/09\/ffa5995d181a68f34f12d434de180904_L-1.jpg","articleSection":["Flash","Sant\u00e9","TOGO","Une"],"inLanguage":"fr-FR","potentialAction":[{"@type":"CommentAction","name":"Comment","target":["https:\/\/228news.tg\/index.php\/2017\/12\/21\/inam-les-universites-du-3e-age-pour-le-bonheur-des-seniors\/#respond"]}]},{"@type":"WebPage","@id":"https:\/\/228news.tg\/index.php\/2017\/12\/21\/inam-les-universites-du-3e-age-pour-le-bonheur-des-seniors\/","url":"https:\/\/228news.tg\/index.php\/2017\/12\/21\/inam-les-universites-du-3e-age-pour-le-bonheur-des-seniors\/","name":"INAM: Les universit\u00e9s du 3e \u00e2ge pour le bonheur des \"S\u00e9niors\" - 228 News","isPartOf":{"@id":"https:\/\/228news.tg\/#website"},"primaryImageOfPage":{"@id":"https:\/\/228news.tg\/index.php\/2017\/12\/21\/inam-les-universites-du-3e-age-pour-le-bonheur-des-seniors\/#primaryimage"},"image":{"@id":"https:\/\/228news.tg\/index.php\/2017\/12\/21\/inam-les-universites-du-3e-age-pour-le-bonheur-des-seniors\/#primaryimage"},"thumbnailUrl":"https:\/\/228news.tg\/wp-content\/uploads\/2024\/09\/ffa5995d181a68f34f12d434de180904_L-1.jpg","datePublished":"2017-12-21T00:00:00+00:00","breadcrumb":{"@id":"https:\/\/228news.tg\/index.php\/2017\/12\/21\/inam-les-universites-du-3e-age-pour-le-bonheur-des-seniors\/#breadcrumb"},"inLanguage":"fr-FR","potentialAction":[{"@type":"ReadAction","target":["https:\/\/228news.tg\/index.php\/2017\/12\/21\/inam-les-universites-du-3e-age-pour-le-bonheur-des-seniors\/"]}]},{"@type":"ImageObject","inLanguage":"fr-FR","@id":"https:\/\/228news.tg\/index.php\/2017\/12\/21\/inam-les-universites-du-3e-age-pour-le-bonheur-des-seniors\/#primaryimage","url":"https:\/\/228news.tg\/wp-content\/uploads\/2024\/09\/ffa5995d181a68f34f12d434de180904_L-1.jpg","contentUrl":"https:\/\/228news.tg\/wp-content\/uploads\/2024\/09\/ffa5995d181a68f34f12d434de180904_L-1.jpg","width":550,"height":413},{"@type":"BreadcrumbList","@id":"https:\/\/228news.tg\/index.php\/2017\/12\/21\/inam-les-universites-du-3e-age-pour-le-bonheur-des-seniors\/#breadcrumb","itemListElement":[{"@type":"ListItem","position":1,"name":"Home","item":"https:\/\/228news.tg\/"},{"@type":"ListItem","position":2,"name":"INAM: Les universit\u00e9s du 3e \u00e2ge pour le bonheur des \u00ab\u00a0S\u00e9niors\u00a0\u00bb"}]},{"@type":"WebSite","@id":"https:\/\/228news.tg\/#website","url":"https:\/\/228news.tg\/","name":"228 News","description":"Soci\u00e9t\u00e9 de m\u00e9dias et d\u2019actualit\u00e9s","publisher":{"@id":"https:\/\/228news.tg\/#organization"},"potentialAction":[{"@type":"SearchAction","target":{"@type":"EntryPoint","urlTemplate":"https:\/\/228news.tg\/?s={search_term_string}"},"query-input":{"@type":"PropertyValueSpecification","valueRequired":true,"valueName":"search_term_string"}}],"inLanguage":"fr-FR"},{"@type":"Organization","@id":"https:\/\/228news.tg\/#organization","name":"228 News","url":"https:\/\/228news.tg\/","logo":{"@type":"ImageObject","inLanguage":"fr-FR","@id":"https:\/\/228news.tg\/#\/schema\/logo\/image\/","url":"https:\/\/228news.tg\/wp-content\/uploads\/2024\/09\/logonew.png","contentUrl":"https:\/\/228news.tg\/wp-content\/uploads\/2024\/09\/logonew.png","width":1640,"height":364,"caption":"228 News"},"image":{"@id":"https:\/\/228news.tg\/#\/schema\/logo\/image\/"}},{"@type":"Person","@id":"https:\/\/228news.tg\/#\/schema\/person\/68d5a6cc0230290e61235c8379523f52","name":"Bienvenu SAVI","image":{"@type":"ImageObject","inLanguage":"fr-FR","@id":"https:\/\/228news.tg\/#\/schema\/person\/image\/","url":"https:\/\/secure.gravatar.com\/avatar\/9db91895c559e510509c33a3e9683998458e9b828fac36d5d1aa23f0f2fd369b?s=96&d=mm&r=g","contentUrl":"https:\/\/secure.gravatar.com\/avatar\/9db91895c559e510509c33a3e9683998458e9b828fac36d5d1aa23f0f2fd369b?s=96&d=mm&r=g","caption":"Bienvenu SAVI"},"url":"https:\/\/228news.tg\/index.php\/author\/bienvenu\/"}]}},"jetpack_featured_media_url":"https:\/\/228news.tg\/wp-content\/uploads\/2024\/09\/ffa5995d181a68f34f12d434de180904_L-1.jpg","_links":{"self":[{"href":"https:\/\/228news.tg\/index.php\/wp-json\/wp\/v2\/posts\/1058","targetHints":{"allow":["GET"]}}],"collection":[{"href":"https:\/\/228news.tg\/index.php\/wp-json\/wp\/v2\/posts"}],"about":[{"href":"https:\/\/228news.tg\/index.php\/wp-json\/wp\/v2\/types\/post"}],"author":[{"embeddable":true,"href":"https:\/\/228news.tg\/index.php\/wp-json\/wp\/v2\/users\/2"}],"replies":[{"embeddable":true,"href":"https:\/\/228news.tg\/index.php\/wp-json\/wp\/v2\/comments?post=1058"}],"version-history":[{"count":0,"href":"https:\/\/228news.tg\/index.php\/wp-json\/wp\/v2\/posts\/1058\/revisions"}],"wp:featuredmedia":[{"embeddable":true,"href":"https:\/\/228news.tg\/index.php\/wp-json\/wp\/v2\/media\/1059"}],"wp:attachment":[{"href":"https:\/\/228news.tg\/index.php\/wp-json\/wp\/v2\/media?parent=1058"}],"wp:term":[{"taxonomy":"category","embeddable":true,"href":"https:\/\/228news.tg\/index.php\/wp-json\/wp\/v2\/categories?post=1058"},{"taxonomy":"post_tag","embeddable":true,"href":"https:\/\/228news.tg\/index.php\/wp-json\/wp\/v2\/tags?post=1058"}],"curies":[{"name":"wp","href":"https:\/\/api.w.org\/{rel}","templated":true}]}}