{"id":1056,"date":"2017-12-21T00:00:00","date_gmt":"2017-12-21T00:00:00","guid":{"rendered":"https:\/\/228news.tg\/index.php\/2017\/12\/21\/une-prefecture-ambitieuse\/"},"modified":"2017-12-21T00:00:00","modified_gmt":"2017-12-21T00:00:00","slug":"une-prefecture-ambitieuse","status":"publish","type":"post","link":"https:\/\/228news.tg\/index.php\/2017\/12\/21\/une-prefecture-ambitieuse\/","title":{"rendered":"Une pr\u00e9fecture ambitieuse"},"content":{"rendered":"<p>La pr\u00e9fecture du Golfe a adopt\u00e9 son budget pour l&rsquo;ann\u00e9e 2018 ce mardi 19 d\u00e9cembre. C&rsquo;\u00e9tait au cours d&rsquo;une session budg\u00e9taire pr\u00e9sid\u00e9e par le pr\u00e9fet du Golfe, en pr\u00e9sence du pr\u00e9sident de la D\u00e9l\u00e9gation sp\u00e9ciale de la pr\u00e9fecture du Golfe.<\/p>\n<p>Pour Kossi Aboka, cette session est importante dans la mesure o\u00f9 elle permet de penser le d\u00e9veloppement des localit\u00e9s de la pr\u00e9fecture, de leur doter des moyens. Il a \u00e9galement d\u00e9taill\u00e9 les activit\u00e9s majeures qui vont gouverner l&rsquo;action locale de la pr\u00e9fecture en 2018. Il s&rsquo;agira en interne de la formation des agents et\u00a0 en externe, de l&rsquo;ouverture de nouvelles voies, de m\u00eame que la construction des march\u00e9s.<\/p>\n<p>De 320 millions de F CFA en 2001, le budget primitif de la pr\u00e9fecture du golfe est pass\u00e9 \u00e0 8 milliards 995 millions 890 mille francs CFA pour 2018, \u00e9quilibr\u00e9 en d\u00e9penses et en recettes.<\/p>\n<p>52% de ce budget alimenteront 3 programmes majeurs d&rsquo;investissements notamment l&rsquo;acquisition des biens patrimoniaux, les travaux de b\u00e2timents et les travaux de voies et de r\u00e9seaux.<\/p>\n<p>Le reste, soit 4 milliards 256 millions de francs CFA, servira de budget de fonctionnement.<\/p>\n<p>Les recettes de la pr\u00e9fecture du Golfe seront constitu\u00e9es par l&rsquo;Office Togolais des Recettes \u00e0 hauteur de 4 milliards de francs CFA, ainsi que des taxes propres, comme des taxes de march\u00e9, des droits de carri\u00e8res, des droits d&rsquo;encombrement,&#8230;<\/p>\n<p>D\u00e9mocrate<\/p>\n<p>(00228) 91 85 40 14<\/p>\n<p>98 60 67 68<\/p>\n<p>democrate2010@gmail.com<\/p>\n<p>&nbsp;<\/p>\n","protected":false},"excerpt":{"rendered":"<p>La pr\u00e9fecture du Golfe a adopt\u00e9 son budget pour l&rsquo;ann\u00e9e 2018 ce mardi 19 d\u00e9cembre. C&rsquo;\u00e9tait au cours d&rsquo;une session budg\u00e9taire pr\u00e9sid\u00e9e par le pr\u00e9fet du Golfe, en pr\u00e9sence du pr\u00e9sident de la D\u00e9l\u00e9gation sp\u00e9ciale de la pr\u00e9fecture du Golfe. Pour Kossi Aboka, cette session est importante dans la mesure o\u00f9 elle permet de penser &#8230; <a title=\"Une pr\u00e9fecture ambitieuse\" class=\"read-more\" href=\"https:\/\/228news.tg\/index.php\/2017\/12\/21\/une-prefecture-ambitieuse\/\" aria-label=\"En savoir plus sur Une pr\u00e9fecture ambitieuse\">Lire la suite<\/a><\/p>\n","protected":false},"author":2,"featured_media":1057,"comment_status":"open","ping_status":"open","sticky":false,"template":"","format":"standard","meta":{"footnotes":""},"categories":[30,35,25,34],"tags":[],"class_list":["post-1056","post","type-post","status-publish","format-standard","has-post-thumbnail","hentry","category-economie","category-flash","category-togo","category-une"],"yoast_head":"<!-- This site is optimized with the Yoast SEO plugin v26.4 - https:\/\/yoast.com\/wordpress\/plugins\/seo\/ -->\n<title>Une pr\u00e9fecture ambitieuse - 228 News<\/title>\n<meta name=\"robots\" content=\"index, follow, max-snippet:-1, max-image-preview:large, max-video-preview:-1\" \/>\n<link rel=\"canonical\" href=\"https:\/\/228news.tg\/index.php\/2017\/12\/21\/une-prefecture-ambitieuse\/\" \/>\n<meta property=\"og:locale\" content=\"fr_FR\" \/>\n<meta property=\"og:type\" content=\"article\" \/>\n<meta property=\"og:title\" content=\"Une pr\u00e9fecture ambitieuse - 228 News\" \/>\n<meta property=\"og:description\" content=\"La pr\u00e9fecture du Golfe a adopt\u00e9 son budget pour l&rsquo;ann\u00e9e 2018 ce mardi 19 d\u00e9cembre. C&rsquo;\u00e9tait au cours d&rsquo;une session budg\u00e9taire pr\u00e9sid\u00e9e par le pr\u00e9fet du Golfe, en pr\u00e9sence du pr\u00e9sident de la D\u00e9l\u00e9gation sp\u00e9ciale de la pr\u00e9fecture du Golfe. Pour Kossi Aboka, cette session est importante dans la mesure o\u00f9 elle permet de penser ... Lire la suite\" \/>\n<meta property=\"og:url\" content=\"https:\/\/228news.tg\/index.php\/2017\/12\/21\/une-prefecture-ambitieuse\/\" \/>\n<meta property=\"og:site_name\" content=\"228 News\" \/>\n<meta property=\"article:published_time\" content=\"2017-12-21T00:00:00+00:00\" \/>\n<meta property=\"og:image\" content=\"https:\/\/228news.tg\/wp-content\/uploads\/2024\/09\/togo_delegation_speciale_de_la_prefecture_du_golfe_acte_ii_la_cour_des_comptes_met_a_nu_les_manoeuvres_de_detournement_daboka_et_amis_.jpg\" \/>\n\t<meta property=\"og:image:width\" content=\"640\" \/>\n\t<meta property=\"og:image:height\" content=\"360\" \/>\n\t<meta property=\"og:image:type\" content=\"image\/jpeg\" \/>\n<meta name=\"author\" content=\"Bienvenu SAVI\" \/>\n<meta name=\"twitter:card\" content=\"summary_large_image\" \/>\n<meta name=\"twitter:label1\" content=\"\u00c9crit par\" \/>\n\t<meta name=\"twitter:data1\" content=\"Bienvenu SAVI\" \/>\n\t<meta name=\"twitter:label2\" content=\"Dur\u00e9e de lecture estim\u00e9e\" \/>\n\t<meta name=\"twitter:data2\" content=\"1 minute\" \/>\n<script type=\"application\/ld+json\" class=\"yoast-schema-graph\">{\"@context\":\"https:\/\/schema.org\",\"@graph\":[{\"@type\":\"Article\",\"@id\":\"https:\/\/228news.tg\/index.php\/2017\/12\/21\/une-prefecture-ambitieuse\/#article\",\"isPartOf\":{\"@id\":\"https:\/\/228news.tg\/index.php\/2017\/12\/21\/une-prefecture-ambitieuse\/\"},\"author\":{\"name\":\"Bienvenu SAVI\",\"@id\":\"https:\/\/228news.tg\/#\/schema\/person\/68d5a6cc0230290e61235c8379523f52\"},\"headline\":\"Une pr\u00e9fecture ambitieuse\",\"datePublished\":\"2017-12-21T00:00:00+00:00\",\"mainEntityOfPage\":{\"@id\":\"https:\/\/228news.tg\/index.php\/2017\/12\/21\/une-prefecture-ambitieuse\/\"},\"wordCount\":255,\"commentCount\":0,\"publisher\":{\"@id\":\"https:\/\/228news.tg\/#organization\"},\"image\":{\"@id\":\"https:\/\/228news.tg\/index.php\/2017\/12\/21\/une-prefecture-ambitieuse\/#primaryimage\"},\"thumbnailUrl\":\"https:\/\/228news.tg\/wp-content\/uploads\/2024\/09\/togo_delegation_speciale_de_la_prefecture_du_golfe_acte_ii_la_cour_des_comptes_met_a_nu_les_manoeuvres_de_detournement_daboka_et_amis_.jpg\",\"articleSection\":[\"ECONOMIE\",\"Flash\",\"TOGO\",\"Une\"],\"inLanguage\":\"fr-FR\",\"potentialAction\":[{\"@type\":\"CommentAction\",\"name\":\"Comment\",\"target\":[\"https:\/\/228news.tg\/index.php\/2017\/12\/21\/une-prefecture-ambitieuse\/#respond\"]}]},{\"@type\":\"WebPage\",\"@id\":\"https:\/\/228news.tg\/index.php\/2017\/12\/21\/une-prefecture-ambitieuse\/\",\"url\":\"https:\/\/228news.tg\/index.php\/2017\/12\/21\/une-prefecture-ambitieuse\/\",\"name\":\"Une pr\u00e9fecture ambitieuse - 228 News\",\"isPartOf\":{\"@id\":\"https:\/\/228news.tg\/#website\"},\"primaryImageOfPage\":{\"@id\":\"https:\/\/228news.tg\/index.php\/2017\/12\/21\/une-prefecture-ambitieuse\/#primaryimage\"},\"image\":{\"@id\":\"https:\/\/228news.tg\/index.php\/2017\/12\/21\/une-prefecture-ambitieuse\/#primaryimage\"},\"thumbnailUrl\":\"https:\/\/228news.tg\/wp-content\/uploads\/2024\/09\/togo_delegation_speciale_de_la_prefecture_du_golfe_acte_ii_la_cour_des_comptes_met_a_nu_les_manoeuvres_de_detournement_daboka_et_amis_.jpg\",\"datePublished\":\"2017-12-21T00:00:00+00:00\",\"breadcrumb\":{\"@id\":\"https:\/\/228news.tg\/index.php\/2017\/12\/21\/une-prefecture-ambitieuse\/#breadcrumb\"},\"inLanguage\":\"fr-FR\",\"potentialAction\":[{\"@type\":\"ReadAction\",\"target\":[\"https:\/\/228news.tg\/index.php\/2017\/12\/21\/une-prefecture-ambitieuse\/\"]}]},{\"@type\":\"ImageObject\",\"inLanguage\":\"fr-FR\",\"@id\":\"https:\/\/228news.tg\/index.php\/2017\/12\/21\/une-prefecture-ambitieuse\/#primaryimage\",\"url\":\"https:\/\/228news.tg\/wp-content\/uploads\/2024\/09\/togo_delegation_speciale_de_la_prefecture_du_golfe_acte_ii_la_cour_des_comptes_met_a_nu_les_manoeuvres_de_detournement_daboka_et_amis_.jpg\",\"contentUrl\":\"https:\/\/228news.tg\/wp-content\/uploads\/2024\/09\/togo_delegation_speciale_de_la_prefecture_du_golfe_acte_ii_la_cour_des_comptes_met_a_nu_les_manoeuvres_de_detournement_daboka_et_amis_.jpg\",\"width\":640,\"height\":360},{\"@type\":\"BreadcrumbList\",\"@id\":\"https:\/\/228news.tg\/index.php\/2017\/12\/21\/une-prefecture-ambitieuse\/#breadcrumb\",\"itemListElement\":[{\"@type\":\"ListItem\",\"position\":1,\"name\":\"Home\",\"item\":\"https:\/\/228news.tg\/\"},{\"@type\":\"ListItem\",\"position\":2,\"name\":\"Une pr\u00e9fecture ambitieuse\"}]},{\"@type\":\"WebSite\",\"@id\":\"https:\/\/228news.tg\/#website\",\"url\":\"https:\/\/228news.tg\/\",\"name\":\"228 News\",\"description\":\"Soci\u00e9t\u00e9 de m\u00e9dias et d\u2019actualit\u00e9s\",\"publisher\":{\"@id\":\"https:\/\/228news.tg\/#organization\"},\"potentialAction\":[{\"@type\":\"SearchAction\",\"target\":{\"@type\":\"EntryPoint\",\"urlTemplate\":\"https:\/\/228news.tg\/?s={search_term_string}\"},\"query-input\":{\"@type\":\"PropertyValueSpecification\",\"valueRequired\":true,\"valueName\":\"search_term_string\"}}],\"inLanguage\":\"fr-FR\"},{\"@type\":\"Organization\",\"@id\":\"https:\/\/228news.tg\/#organization\",\"name\":\"228 News\",\"url\":\"https:\/\/228news.tg\/\",\"logo\":{\"@type\":\"ImageObject\",\"inLanguage\":\"fr-FR\",\"@id\":\"https:\/\/228news.tg\/#\/schema\/logo\/image\/\",\"url\":\"https:\/\/228news.tg\/wp-content\/uploads\/2024\/09\/logonew.png\",\"contentUrl\":\"https:\/\/228news.tg\/wp-content\/uploads\/2024\/09\/logonew.png\",\"width\":1640,\"height\":364,\"caption\":\"228 News\"},\"image\":{\"@id\":\"https:\/\/228news.tg\/#\/schema\/logo\/image\/\"}},{\"@type\":\"Person\",\"@id\":\"https:\/\/228news.tg\/#\/schema\/person\/68d5a6cc0230290e61235c8379523f52\",\"name\":\"Bienvenu SAVI\",\"image\":{\"@type\":\"ImageObject\",\"inLanguage\":\"fr-FR\",\"@id\":\"https:\/\/228news.tg\/#\/schema\/person\/image\/\",\"url\":\"https:\/\/secure.gravatar.com\/avatar\/9db91895c559e510509c33a3e9683998458e9b828fac36d5d1aa23f0f2fd369b?s=96&d=mm&r=g\",\"contentUrl\":\"https:\/\/secure.gravatar.com\/avatar\/9db91895c559e510509c33a3e9683998458e9b828fac36d5d1aa23f0f2fd369b?s=96&d=mm&r=g\",\"caption\":\"Bienvenu SAVI\"},\"url\":\"https:\/\/228news.tg\/index.php\/author\/bienvenu\/\"}]}<\/script>\n<!-- \/ Yoast SEO plugin. -->","yoast_head_json":{"title":"Une pr\u00e9fecture ambitieuse - 228 News","robots":{"index":"index","follow":"follow","max-snippet":"max-snippet:-1","max-image-preview":"max-image-preview:large","max-video-preview":"max-video-preview:-1"},"canonical":"https:\/\/228news.tg\/index.php\/2017\/12\/21\/une-prefecture-ambitieuse\/","og_locale":"fr_FR","og_type":"article","og_title":"Une pr\u00e9fecture ambitieuse - 228 News","og_description":"La pr\u00e9fecture du Golfe a adopt\u00e9 son budget pour l&rsquo;ann\u00e9e 2018 ce mardi 19 d\u00e9cembre. C&rsquo;\u00e9tait au cours d&rsquo;une session budg\u00e9taire pr\u00e9sid\u00e9e par le pr\u00e9fet du Golfe, en pr\u00e9sence du pr\u00e9sident de la D\u00e9l\u00e9gation sp\u00e9ciale de la pr\u00e9fecture du Golfe. Pour Kossi Aboka, cette session est importante dans la mesure o\u00f9 elle permet de penser ... Lire la suite","og_url":"https:\/\/228news.tg\/index.php\/2017\/12\/21\/une-prefecture-ambitieuse\/","og_site_name":"228 News","article_published_time":"2017-12-21T00:00:00+00:00","og_image":[{"width":640,"height":360,"url":"https:\/\/228news.tg\/wp-content\/uploads\/2024\/09\/togo_delegation_speciale_de_la_prefecture_du_golfe_acte_ii_la_cour_des_comptes_met_a_nu_les_manoeuvres_de_detournement_daboka_et_amis_.jpg","type":"image\/jpeg"}],"author":"Bienvenu SAVI","twitter_card":"summary_large_image","twitter_misc":{"\u00c9crit par":"Bienvenu SAVI","Dur\u00e9e de lecture estim\u00e9e":"1 minute"},"schema":{"@context":"https:\/\/schema.org","@graph":[{"@type":"Article","@id":"https:\/\/228news.tg\/index.php\/2017\/12\/21\/une-prefecture-ambitieuse\/#article","isPartOf":{"@id":"https:\/\/228news.tg\/index.php\/2017\/12\/21\/une-prefecture-ambitieuse\/"},"author":{"name":"Bienvenu SAVI","@id":"https:\/\/228news.tg\/#\/schema\/person\/68d5a6cc0230290e61235c8379523f52"},"headline":"Une pr\u00e9fecture ambitieuse","datePublished":"2017-12-21T00:00:00+00:00","mainEntityOfPage":{"@id":"https:\/\/228news.tg\/index.php\/2017\/12\/21\/une-prefecture-ambitieuse\/"},"wordCount":255,"commentCount":0,"publisher":{"@id":"https:\/\/228news.tg\/#organization"},"image":{"@id":"https:\/\/228news.tg\/index.php\/2017\/12\/21\/une-prefecture-ambitieuse\/#primaryimage"},"thumbnailUrl":"https:\/\/228news.tg\/wp-content\/uploads\/2024\/09\/togo_delegation_speciale_de_la_prefecture_du_golfe_acte_ii_la_cour_des_comptes_met_a_nu_les_manoeuvres_de_detournement_daboka_et_amis_.jpg","articleSection":["ECONOMIE","Flash","TOGO","Une"],"inLanguage":"fr-FR","potentialAction":[{"@type":"CommentAction","name":"Comment","target":["https:\/\/228news.tg\/index.php\/2017\/12\/21\/une-prefecture-ambitieuse\/#respond"]}]},{"@type":"WebPage","@id":"https:\/\/228news.tg\/index.php\/2017\/12\/21\/une-prefecture-ambitieuse\/","url":"https:\/\/228news.tg\/index.php\/2017\/12\/21\/une-prefecture-ambitieuse\/","name":"Une pr\u00e9fecture ambitieuse - 228 News","isPartOf":{"@id":"https:\/\/228news.tg\/#website"},"primaryImageOfPage":{"@id":"https:\/\/228news.tg\/index.php\/2017\/12\/21\/une-prefecture-ambitieuse\/#primaryimage"},"image":{"@id":"https:\/\/228news.tg\/index.php\/2017\/12\/21\/une-prefecture-ambitieuse\/#primaryimage"},"thumbnailUrl":"https:\/\/228news.tg\/wp-content\/uploads\/2024\/09\/togo_delegation_speciale_de_la_prefecture_du_golfe_acte_ii_la_cour_des_comptes_met_a_nu_les_manoeuvres_de_detournement_daboka_et_amis_.jpg","datePublished":"2017-12-21T00:00:00+00:00","breadcrumb":{"@id":"https:\/\/228news.tg\/index.php\/2017\/12\/21\/une-prefecture-ambitieuse\/#breadcrumb"},"inLanguage":"fr-FR","potentialAction":[{"@type":"ReadAction","target":["https:\/\/228news.tg\/index.php\/2017\/12\/21\/une-prefecture-ambitieuse\/"]}]},{"@type":"ImageObject","inLanguage":"fr-FR","@id":"https:\/\/228news.tg\/index.php\/2017\/12\/21\/une-prefecture-ambitieuse\/#primaryimage","url":"https:\/\/228news.tg\/wp-content\/uploads\/2024\/09\/togo_delegation_speciale_de_la_prefecture_du_golfe_acte_ii_la_cour_des_comptes_met_a_nu_les_manoeuvres_de_detournement_daboka_et_amis_.jpg","contentUrl":"https:\/\/228news.tg\/wp-content\/uploads\/2024\/09\/togo_delegation_speciale_de_la_prefecture_du_golfe_acte_ii_la_cour_des_comptes_met_a_nu_les_manoeuvres_de_detournement_daboka_et_amis_.jpg","width":640,"height":360},{"@type":"BreadcrumbList","@id":"https:\/\/228news.tg\/index.php\/2017\/12\/21\/une-prefecture-ambitieuse\/#breadcrumb","itemListElement":[{"@type":"ListItem","position":1,"name":"Home","item":"https:\/\/228news.tg\/"},{"@type":"ListItem","position":2,"name":"Une pr\u00e9fecture ambitieuse"}]},{"@type":"WebSite","@id":"https:\/\/228news.tg\/#website","url":"https:\/\/228news.tg\/","name":"228 News","description":"Soci\u00e9t\u00e9 de m\u00e9dias et d\u2019actualit\u00e9s","publisher":{"@id":"https:\/\/228news.tg\/#organization"},"potentialAction":[{"@type":"SearchAction","target":{"@type":"EntryPoint","urlTemplate":"https:\/\/228news.tg\/?s={search_term_string}"},"query-input":{"@type":"PropertyValueSpecification","valueRequired":true,"valueName":"search_term_string"}}],"inLanguage":"fr-FR"},{"@type":"Organization","@id":"https:\/\/228news.tg\/#organization","name":"228 News","url":"https:\/\/228news.tg\/","logo":{"@type":"ImageObject","inLanguage":"fr-FR","@id":"https:\/\/228news.tg\/#\/schema\/logo\/image\/","url":"https:\/\/228news.tg\/wp-content\/uploads\/2024\/09\/logonew.png","contentUrl":"https:\/\/228news.tg\/wp-content\/uploads\/2024\/09\/logonew.png","width":1640,"height":364,"caption":"228 News"},"image":{"@id":"https:\/\/228news.tg\/#\/schema\/logo\/image\/"}},{"@type":"Person","@id":"https:\/\/228news.tg\/#\/schema\/person\/68d5a6cc0230290e61235c8379523f52","name":"Bienvenu SAVI","image":{"@type":"ImageObject","inLanguage":"fr-FR","@id":"https:\/\/228news.tg\/#\/schema\/person\/image\/","url":"https:\/\/secure.gravatar.com\/avatar\/9db91895c559e510509c33a3e9683998458e9b828fac36d5d1aa23f0f2fd369b?s=96&d=mm&r=g","contentUrl":"https:\/\/secure.gravatar.com\/avatar\/9db91895c559e510509c33a3e9683998458e9b828fac36d5d1aa23f0f2fd369b?s=96&d=mm&r=g","caption":"Bienvenu SAVI"},"url":"https:\/\/228news.tg\/index.php\/author\/bienvenu\/"}]}},"jetpack_featured_media_url":"https:\/\/228news.tg\/wp-content\/uploads\/2024\/09\/togo_delegation_speciale_de_la_prefecture_du_golfe_acte_ii_la_cour_des_comptes_met_a_nu_les_manoeuvres_de_detournement_daboka_et_amis_.jpg","_links":{"self":[{"href":"https:\/\/228news.tg\/index.php\/wp-json\/wp\/v2\/posts\/1056","targetHints":{"allow":["GET"]}}],"collection":[{"href":"https:\/\/228news.tg\/index.php\/wp-json\/wp\/v2\/posts"}],"about":[{"href":"https:\/\/228news.tg\/index.php\/wp-json\/wp\/v2\/types\/post"}],"author":[{"embeddable":true,"href":"https:\/\/228news.tg\/index.php\/wp-json\/wp\/v2\/users\/2"}],"replies":[{"embeddable":true,"href":"https:\/\/228news.tg\/index.php\/wp-json\/wp\/v2\/comments?post=1056"}],"version-history":[{"count":0,"href":"https:\/\/228news.tg\/index.php\/wp-json\/wp\/v2\/posts\/1056\/revisions"}],"wp:featuredmedia":[{"embeddable":true,"href":"https:\/\/228news.tg\/index.php\/wp-json\/wp\/v2\/media\/1057"}],"wp:attachment":[{"href":"https:\/\/228news.tg\/index.php\/wp-json\/wp\/v2\/media?parent=1056"}],"wp:term":[{"taxonomy":"category","embeddable":true,"href":"https:\/\/228news.tg\/index.php\/wp-json\/wp\/v2\/categories?post=1056"},{"taxonomy":"post_tag","embeddable":true,"href":"https:\/\/228news.tg\/index.php\/wp-json\/wp\/v2\/tags?post=1056"}],"curies":[{"name":"wp","href":"https:\/\/api.w.org\/{rel}","templated":true}]}}